{"id":86190,"date":"2019-07-01T04:35:50","date_gmt":"2019-07-01T04:35:50","guid":{"rendered":"http:\/\/plazajuarez.mx\/index\/index.php\/2019\/07\/01\/quiere-que-cruce-la-linea\/"},"modified":"2019-07-01T04:35:50","modified_gmt":"2019-07-01T04:35:50","slug":"quiere-que-cruce-la-linea","status":"publish","type":"post","link":"https:\/\/plazajuarez.mx\/historico\/quiere-que-cruce-la-linea\/","title":{"rendered":"&#8220;\u00bfQuiere que cruce la l\u00ednea?&#8221;"},"content":{"rendered":"<p>LA PREGUNTA DE TRUMP <\/p>\n<p>  <!--more-->  <\/p>\n<p>&#8220;\u00bfQuiere que cruce la l\u00ednea?&#8221;,&#8221;Me sentir\u00e9 muy honrado si lo hace&#8221;. Con estas palabras, Donald Trump y Kim Jong-un cumplieron este domingo en la frontera entre las dos Coreas un nuevo acercamiento, aparentemente espont\u00e1neo, que parec\u00eda inveros\u00edmil.<br \/>Son unas baldosas de cemento, de algunos cent\u00edmetros de altura, que simbolizan la frontera m\u00e1s herm\u00e9tica del mundo. Donald Trump las atraves\u00f3 el domingo, escribiendo una p\u00e1gina de historia en compa\u00f1\u00eda de su &#8220;amigo&#8221; norcoreano.<\/p>\n","protected":false},"excerpt":{"rendered":"<p>LA PREGUNTA DE TRUMP<\/p>\n","protected":false},"author":93,"featured_media":0,"comment_status":"open","ping_status":"open","sticky":false,"template":"","format":"standard","meta":{"footnotes":""},"categories":[31],"tags":[],"class_list":["post-86190","post","type-post","status-publish","format-standard","hentry","category-orbe"],"_links":{"self":[{"href":"https:\/\/plazajuarez.mx\/historico\/wp-json\/wp\/v2\/posts\/86190","targetHints":{"allow":["GET"]}}],"collection":[{"href":"https:\/\/plazajuarez.mx\/historico\/wp-json\/wp\/v2\/posts"}],"about":[{"href":"https:\/\/plazajuarez.mx\/historico\/wp-json\/wp\/v2\/types\/post"}],"author":[{"embeddable":true,"href":"https:\/\/plazajuarez.mx\/historico\/wp-json\/wp\/v2\/users\/93"}],"replies":[{"embeddable":true,"href":"https:\/\/plazajuarez.mx\/historico\/wp-json\/wp\/v2\/comments?post=86190"}],"version-history":[{"count":0,"href":"https:\/\/plazajuarez.mx\/historico\/wp-json\/wp\/v2\/posts\/86190\/revisions"}],"wp:attachment":[{"href":"https:\/\/plazajuarez.mx\/historico\/wp-json\/wp\/v2\/media?parent=86190"}],"wp:term":[{"taxonomy":"category","embeddable":true,"href":"https:\/\/plazajuarez.mx\/historico\/wp-json\/wp\/v2\/categories?post=86190"},{"taxonomy":"post_tag","embeddable":true,"href":"https:\/\/plazajuarez.mx\/historico\/wp-json\/wp\/v2\/tags?post=86190"}],"curies":[{"name":"wp","href":"https:\/\/api.w.org\/{rel}","templated":true}]}}