{"id":86189,"date":"2019-07-01T04:35:37","date_gmt":"2019-07-01T04:35:37","guid":{"rendered":"http:\/\/plazajuarez.mx\/index\/index.php\/2019\/07\/01\/eu-asegura-que-huawei-seguira-en-lista-negra\/"},"modified":"2019-07-01T04:35:37","modified_gmt":"2019-07-01T04:35:37","slug":"eu-asegura-que-huawei-seguira-en-lista-negra","status":"publish","type":"post","link":"https:\/\/plazajuarez.mx\/historico\/eu-asegura-que-huawei-seguira-en-lista-negra\/","title":{"rendered":"EU asegura que Huawei seguir\u00e1 en lista negra"},"content":{"rendered":"<p>\u00a0\u00a0\u00a0 \u2022\u00a0\u00a0 \u00a0Como medida por una posible \u201camenaza de seguridad\u201d\u2028<\/p>\n<p>  <!--more-->  <\/p>\n<p>El asesor econ\u00f3mico de la Casa Blanca Larry Kudlow insisti\u00f3 el domingo que el presidente Donald Trump no desistir\u00e1 de sus preocupaciones de seguridad nacional tras haber aceptado permitir que empresas estadounidenses vendan algunos componentes al gigante chino de telecomunicaciones Huawei. <\/p>\n<p>Kudlow dijo a los programas &#8220;Fox News Sunday&#8221; y &#8220;Face the Nation&#8221;, de CBS, que Huawei seguir\u00e1 en lista negra de Estados Unidos como posible amenaza de seguridad.<\/p>\n<p>Resalt\u00f3 que en Estados Unidos los permisos de licencia adicionales &#8220;ser\u00e1n para lo que llamamos mercanc\u00eda general, que no son de cuidado para la seguridad nacional&#8221;, como microchips y software generalmente disponible en todo el mundo.<\/p>\n<p>Varios senadores republicanos inmediatamente dijeron estar preocupados. El senador Marco Rubio tuite\u00f3 el s\u00e1bado que la decisi\u00f3n era un &#8220;error catastr\u00f3fico&#8221;.<\/p>\n","protected":false},"excerpt":{"rendered":"<p>\u00a0\u00a0\u00a0 \u2022\u00a0\u00a0 \u00a0Como medida por una posible \u201camenaza de seguridad\u201d\u2028<\/p>\n","protected":false},"author":93,"featured_media":0,"comment_status":"open","ping_status":"open","sticky":false,"template":"","format":"standard","meta":{"footnotes":""},"categories":[31],"tags":[],"class_list":["post-86189","post","type-post","status-publish","format-standard","hentry","category-orbe"],"_links":{"self":[{"href":"https:\/\/plazajuarez.mx\/historico\/wp-json\/wp\/v2\/posts\/86189","targetHints":{"allow":["GET"]}}],"collection":[{"href":"https:\/\/plazajuarez.mx\/historico\/wp-json\/wp\/v2\/posts"}],"about":[{"href":"https:\/\/plazajuarez.mx\/historico\/wp-json\/wp\/v2\/types\/post"}],"author":[{"embeddable":true,"href":"https:\/\/plazajuarez.mx\/historico\/wp-json\/wp\/v2\/users\/93"}],"replies":[{"embeddable":true,"href":"https:\/\/plazajuarez.mx\/historico\/wp-json\/wp\/v2\/comments?post=86189"}],"version-history":[{"count":0,"href":"https:\/\/plazajuarez.mx\/historico\/wp-json\/wp\/v2\/posts\/86189\/revisions"}],"wp:attachment":[{"href":"https:\/\/plazajuarez.mx\/historico\/wp-json\/wp\/v2\/media?parent=86189"}],"wp:term":[{"taxonomy":"category","embeddable":true,"href":"https:\/\/plazajuarez.mx\/historico\/wp-json\/wp\/v2\/categories?post=86189"},{"taxonomy":"post_tag","embeddable":true,"href":"https:\/\/plazajuarez.mx\/historico\/wp-json\/wp\/v2\/tags?post=86189"}],"curies":[{"name":"wp","href":"https:\/\/api.w.org\/{rel}","templated":true}]}}