{"id":86188,"date":"2019-07-01T04:35:05","date_gmt":"2019-07-01T04:35:05","guid":{"rendered":"http:\/\/plazajuarez.mx\/index\/index.php\/2019\/07\/01\/japon-reanuda-la-caza-comercial-de-ballenas\/"},"modified":"2019-07-01T04:35:05","modified_gmt":"2019-07-01T04:35:05","slug":"japon-reanuda-la-caza-comercial-de-ballenas","status":"publish","type":"post","link":"https:\/\/plazajuarez.mx\/historico\/japon-reanuda-la-caza-comercial-de-ballenas\/","title":{"rendered":"Jap\u00f3n reanuda la caza comercial de ballenas"},"content":{"rendered":"<p>A PARTIR DE HOY <br \/>\u00a0\u00a0 \u00a0\u2022\u00a0\u00a0 \u00a0El pa\u00eds asi\u00e1tico hab\u00eda suspendido la caza comercial de estos animales en 1986\u2028<\/p>\n<p>  <!--more-->  <\/p>\n<p>Jap\u00f3n se retir\u00f3 este domingo en forma oficial de la Comisi\u00f3n Ballenera Internacional, por lo que reanudar\u00e1 la caza comercial de ballenas a partir de hoy, lunes.<\/p>\n<p>El archipi\u00e9lago se uni\u00f3 a la comisi\u00f3n en 1951 en busca de la caza de ballenas sostenible<br \/>mediante la protecci\u00f3n del n\u00famero de estos cet\u00e1ceos, destac\u00f3 la cadena NHK.<\/p>\n<p>Despu\u00e9s de que el pa\u00eds asi\u00e1tico suspendiera la caza comercial en 1986 de acuerdo con una<br \/>moratoria de la comisi\u00f3n, no ha sido capaz de acercar posturas con las naciones que se oponen a esta pr\u00e1ctica.<\/p>\n<p>Al siguiente a\u00f1o, el pa\u00eds inici\u00f3 la caza argumentando fines de \u201cinvestigaci\u00f3n cient\u00edfica\u201d en la Ant\u00e1rtida y hasta la fecha sigue matando ballenas, sirvi\u00e9ndose de la cl\u00e1usula de la moratoria que permit\u00eda esa pr\u00e1ctica. <\/p>\n<p>Este lunes varios barcos balleneros partir\u00e1n del puerto occidental de Shimonoseki, prefectura de Yamaguchi, para comenzar las capturas en el oc\u00e9ano Pac\u00edfico. Adem\u00e1s en la norte\u00f1a ciudad de Kushiro, prefectura de Hokkaido, cinco barcos planean partir para la caza en aguas cercanas.<\/p>\n<p>Jap\u00f3n llevar\u00e1 a cabo la caza comercial de ballenas minke y otras especies tan s\u00f3lo en sus aguas territoriales y zonas econ\u00f3micas exclusivas. Estos cet\u00e1ceos cuentan con poblaciones suficientes para cumplir con las cuotas establecidas por el m\u00e9todo de la Comisi\u00f3n Ballenera Internacional.<\/p>\n<p>En tanto, organizaciones ambientalistas han se\u00f1alado que la naci\u00f3n asi\u00e1tica nunca dej\u00f3 de<br \/>capturar ballenas y su supuesta caza para la investigaci\u00f3n era en realidad la pesca comercial encubierta, debido a que la carne del cet\u00e1ceo suele terminar en las pescader\u00edas.<\/p>\n","protected":false},"excerpt":{"rendered":"<p>A PARTIR DE HOY \u00a0\u00a0 \u00a0\u2022\u00a0\u00a0 \u00a0El pa\u00eds asi\u00e1tico hab\u00eda suspendido la caza comercial de estos animales en 1986\u2028<\/p>\n","protected":false},"author":93,"featured_media":0,"comment_status":"open","ping_status":"open","sticky":false,"template":"","format":"standard","meta":{"footnotes":""},"categories":[31],"tags":[],"class_list":["post-86188","post","type-post","status-publish","format-standard","hentry","category-orbe"],"_links":{"self":[{"href":"https:\/\/plazajuarez.mx\/historico\/wp-json\/wp\/v2\/posts\/86188","targetHints":{"allow":["GET"]}}],"collection":[{"href":"https:\/\/plazajuarez.mx\/historico\/wp-json\/wp\/v2\/posts"}],"about":[{"href":"https:\/\/plazajuarez.mx\/historico\/wp-json\/wp\/v2\/types\/post"}],"author":[{"embeddable":true,"href":"https:\/\/plazajuarez.mx\/historico\/wp-json\/wp\/v2\/users\/93"}],"replies":[{"embeddable":true,"href":"https:\/\/plazajuarez.mx\/historico\/wp-json\/wp\/v2\/comments?post=86188"}],"version-history":[{"count":0,"href":"https:\/\/plazajuarez.mx\/historico\/wp-json\/wp\/v2\/posts\/86188\/revisions"}],"wp:attachment":[{"href":"https:\/\/plazajuarez.mx\/historico\/wp-json\/wp\/v2\/media?parent=86188"}],"wp:term":[{"taxonomy":"category","embeddable":true,"href":"https:\/\/plazajuarez.mx\/historico\/wp-json\/wp\/v2\/categories?post=86188"},{"taxonomy":"post_tag","embeddable":true,"href":"https:\/\/plazajuarez.mx\/historico\/wp-json\/wp\/v2\/tags?post=86188"}],"curies":[{"name":"wp","href":"https:\/\/api.w.org\/{rel}","templated":true}]}}