{"id":86187,"date":"2019-07-01T04:34:46","date_gmt":"2019-07-01T04:34:46","guid":{"rendered":"http:\/\/plazajuarez.mx\/index\/index.php\/2019\/07\/01\/lideres-mundiales-se-resisten-al-proteccionismo\/"},"modified":"2019-07-01T04:34:46","modified_gmt":"2019-07-01T04:34:46","slug":"lideres-mundiales-se-resisten-al-proteccionismo","status":"publish","type":"post","link":"https:\/\/plazajuarez.mx\/historico\/lideres-mundiales-se-resisten-al-proteccionismo\/","title":{"rendered":"L\u00edderes mundiales se resisten al proteccionismo"},"content":{"rendered":"<p>EN EL G20 <br \/>\u00a0\u00a0 \u00a0\u2022\u00a0\u00a0 \u00a0Piden un comercio libre y justo; no critica el proteccionismo; prueban acuerdo clim\u00e1tico, sin el apoyo de Estados Unidos\u2028<\/p>\n<p>  <!--more-->  <\/p>\n<p>En un comunicado, al final de una reuni\u00f3n de dos d\u00edas en la ciudad de Osaka, en el oeste de Jap\u00f3n, l\u00edderes del G20 afirmaron que el crecimiento mundial sigue d\u00e9bil y que el riesgo es que se ralentice, en la medida en que aumenta la tensi\u00f3n comercial y geopol\u00edtica. <\/p>\n<p>\u201cNos esforzamos por lograr un ambiente de inversi\u00f3n y comercio libre, justo, no discriminatorio, transparente, predecible y estable, y mantener nuestros mercados abiertos\u201d, dijeron en la cumbre, en la que por segunda vez se abstuvieron de insistir en la necesidad de resistir el proteccionismo.<\/p>\n<p>El primer ministro japon\u00e9s, Shinzo Abe, enfatiz\u00f3 que los l\u00edderes del G20 tienen mucho en com\u00fan, como el reconocimiento compartido de la necesidad de que el grupo siga siendo un motor clave del crecimiento global. \u201cEl G20 estuvo de acuerdo en los principios fundamentales que respaldan un sistema de libre comercio\u201d, se\u00f1al\u00f3 Abe, quien agreg\u00f3 que el grupo tambi\u00e9n prometi\u00f3 un compromiso m\u00e1s activo para mejorar el sistema de soluci\u00f3n de controversias de la Organizaci\u00f3n Mundial del Comercio (OMC).<\/p>\n<p>Al preparar la declaraci\u00f3n del G20, Jap\u00f3n, que presidi\u00f3 las reuniones, busc\u00f3 un terreno com\u00fan con Estados Unidos, que se opone al lenguaje que denuncia el proteccionismo, y otros pa\u00edses que quieren una respuesta m\u00e1s decidida contra la tensi\u00f3n comercial. <\/p>\n<p>Los mandatarios, adem\u00e1s, lograron adoptar un consenso de m\u00ednimos sobre el clima, pero las negociaciones fueron dif\u00edciles, puesto que algunos pa\u00edses parecen dispuestos a alinearse con la posici\u00f3n de la Uni\u00f3n Americana. <\/p>\n<p>El comunicado final de su cumbre en Osaka, firmada por 19 jefes de Estado y de gobierno, se reere a la \u201cirreversibilidad\u201d del gran acuerdo de lucha contra el cambio clim\u00e1tico firmado en Par\u00eds en 2015. <\/p>\n","protected":false},"excerpt":{"rendered":"<p>EN EL G20 \u00a0\u00a0 \u00a0\u2022\u00a0\u00a0 \u00a0Piden un comercio libre y justo; no critica el proteccionismo; prueban acuerdo clim\u00e1tico, sin el apoyo de Estados Unidos\u2028<\/p>\n","protected":false},"author":93,"featured_media":0,"comment_status":"open","ping_status":"open","sticky":false,"template":"","format":"standard","meta":{"footnotes":""},"categories":[31],"tags":[],"class_list":["post-86187","post","type-post","status-publish","format-standard","hentry","category-orbe"],"_links":{"self":[{"href":"https:\/\/plazajuarez.mx\/historico\/wp-json\/wp\/v2\/posts\/86187","targetHints":{"allow":["GET"]}}],"collection":[{"href":"https:\/\/plazajuarez.mx\/historico\/wp-json\/wp\/v2\/posts"}],"about":[{"href":"https:\/\/plazajuarez.mx\/historico\/wp-json\/wp\/v2\/types\/post"}],"author":[{"embeddable":true,"href":"https:\/\/plazajuarez.mx\/historico\/wp-json\/wp\/v2\/users\/93"}],"replies":[{"embeddable":true,"href":"https:\/\/plazajuarez.mx\/historico\/wp-json\/wp\/v2\/comments?post=86187"}],"version-history":[{"count":0,"href":"https:\/\/plazajuarez.mx\/historico\/wp-json\/wp\/v2\/posts\/86187\/revisions"}],"wp:attachment":[{"href":"https:\/\/plazajuarez.mx\/historico\/wp-json\/wp\/v2\/media?parent=86187"}],"wp:term":[{"taxonomy":"category","embeddable":true,"href":"https:\/\/plazajuarez.mx\/historico\/wp-json\/wp\/v2\/categories?post=86187"},{"taxonomy":"post_tag","embeddable":true,"href":"https:\/\/plazajuarez.mx\/historico\/wp-json\/wp\/v2\/tags?post=86187"}],"curies":[{"name":"wp","href":"https:\/\/api.w.org\/{rel}","templated":true}]}}