{"id":86185,"date":"2019-07-01T04:34:08","date_gmt":"2019-07-01T04:34:08","guid":{"rendered":"http:\/\/plazajuarez.mx\/index\/index.php\/2019\/07\/01\/guardia-nacional-arranca-coja-por-despliegue-en-la-frontera\/"},"modified":"2019-07-01T04:34:08","modified_gmt":"2019-07-01T04:34:08","slug":"guardia-nacional-arranca-coja-por-despliegue-en-la-frontera","status":"publish","type":"post","link":"https:\/\/plazajuarez.mx\/historico\/guardia-nacional-arranca-coja-por-despliegue-en-la-frontera\/","title":{"rendered":"\u201cGuardia Nacional arranca coja por despliegue en la frontera\u201d"},"content":{"rendered":"<p>INDIC\u00d3 EL PAN <br \/>\u00a0\u00a0 \u00a0\u2022\u00a0\u00a0 \u00a0\u201cSin duda las cosas con Enrique Pe\u00f1a Nieto estaban mal, Pero hoy vemos que pasamos de mal a peor\u201d\u00a0\u2028<\/p>\n<p>  <!--more-->  <\/p>\n<p>CIUDAD DE M\u00c9XICO, (AGENCIAS).- El Partido Acci\u00f3n Nacional (PAN), se\u00f1al\u00f3 que la Guardia Nacional arranca &#8220;coja&#8221; porque el 30% de su personal fue destinado a ser polic\u00eda migratoria, y no para lo que fue conformada, que es dar seguridad a todo el pa\u00eds.<br \/>Afirm\u00f3 que a un a\u00f1o del proceso electoral de 1 de julio, hay crisis en seguridad, en econom\u00eda, en el sector salud con el desabasto en medicamentos; el despido de 100 mil m\u00e9dicos, t\u00e9cnicos, enfermeras; y la reducci\u00f3n de presupuesto en hospitales de alta especialidad.<br \/>&#8220;Sin duda las cosas con Enrique Pe\u00f1a Nieto estaban mal. Est\u00e1bamos mal en seguridad, est\u00e1bamos mal en econom\u00eda, est\u00e1bamos mal en muchas cosas. Pero hoy con tristeza, con datos oficiales, vemos que pasamos de mal a peor.<br \/>&#8220;Nosotros le pedimos a L\u00f3pez Obrador que ya se asuma Jefe de Estado, ya deje de echar culpas y que inicie con el cumplimiento de los compromisos que hizo en campa\u00f1a, porque hasta hoy vemos que ha sido un gobierno que no ha dado resultados&#8221;, indic\u00f3.<\/p>\n","protected":false},"excerpt":{"rendered":"<p>INDIC\u00d3 EL PAN \u00a0\u00a0 \u00a0\u2022\u00a0\u00a0 \u00a0\u201cSin duda las cosas con Enrique Pe\u00f1a Nieto estaban mal, Pero hoy vemos que pasamos de mal a peor\u201d\u00a0\u2028<\/p>\n","protected":false},"author":93,"featured_media":0,"comment_status":"open","ping_status":"open","sticky":false,"template":"","format":"standard","meta":{"footnotes":""},"categories":[36],"tags":[],"class_list":["post-86185","post","type-post","status-publish","format-standard","hentry","category-nacion"],"_links":{"self":[{"href":"https:\/\/plazajuarez.mx\/historico\/wp-json\/wp\/v2\/posts\/86185","targetHints":{"allow":["GET"]}}],"collection":[{"href":"https:\/\/plazajuarez.mx\/historico\/wp-json\/wp\/v2\/posts"}],"about":[{"href":"https:\/\/plazajuarez.mx\/historico\/wp-json\/wp\/v2\/types\/post"}],"author":[{"embeddable":true,"href":"https:\/\/plazajuarez.mx\/historico\/wp-json\/wp\/v2\/users\/93"}],"replies":[{"embeddable":true,"href":"https:\/\/plazajuarez.mx\/historico\/wp-json\/wp\/v2\/comments?post=86185"}],"version-history":[{"count":0,"href":"https:\/\/plazajuarez.mx\/historico\/wp-json\/wp\/v2\/posts\/86185\/revisions"}],"wp:attachment":[{"href":"https:\/\/plazajuarez.mx\/historico\/wp-json\/wp\/v2\/media?parent=86185"}],"wp:term":[{"taxonomy":"category","embeddable":true,"href":"https:\/\/plazajuarez.mx\/historico\/wp-json\/wp\/v2\/categories?post=86185"},{"taxonomy":"post_tag","embeddable":true,"href":"https:\/\/plazajuarez.mx\/historico\/wp-json\/wp\/v2\/tags?post=86185"}],"curies":[{"name":"wp","href":"https:\/\/api.w.org\/{rel}","templated":true}]}}