{"id":86184,"date":"2019-07-01T04:33:29","date_gmt":"2019-07-01T04:33:29","guid":{"rendered":"http:\/\/plazajuarez.mx\/index\/index.php\/2019\/07\/01\/marchan-contra-gobierno-de-lopez-obrador\/"},"modified":"2019-07-01T04:33:29","modified_gmt":"2019-07-01T04:33:29","slug":"marchan-contra-gobierno-de-lopez-obrador","status":"publish","type":"post","link":"https:\/\/plazajuarez.mx\/historico\/marchan-contra-gobierno-de-lopez-obrador\/","title":{"rendered":"Marchan contra gobierno de L\u00f3pez Obrador"},"content":{"rendered":"<p>\u00a0\u00a0\u00a0 \u2022\u00a0\u00a0 \u00a0La marcha la organiz\u00f3 &#8220;Chalecos M\u00e9xico&#8221; junto con el Congreso Nacional Ciudadano\u2028<\/p>\n<p>  <!--more-->  <\/p>\n<p>Con gritos de &#8220;\u00a1M\u00e9xico, M\u00e9xico, M\u00e9xico!&#8221;, cientos de personas se manifestaron este domingo desde el Monumento a la Revoluci\u00f3n hasta el \u00c1ngel de la Independencia contra el gobierno del presidente Andr\u00e9s Manuel L\u00f3pez Obrador a un d\u00eda antes de cumplir un a\u00f1o de haber ganado las elecciones presidenciales.<br \/>La marcha la organiz\u00f3 &#8220;Chalecos M\u00e9xico&#8221; junto con el Congreso Nacional Ciudadano y Voces del Contrapeso.<br \/>Previo al inicio de la marcha, que avanz\u00f3 sobre Paseo de la Reforma hacia el \u00c1ngel de la Independencia, se present\u00f3 un conato de ri\u00f1a luego de que una de las personas que se encontraban en el estrado, hizo una parodia del presidente, utilizando una m\u00e1scara de pl\u00e1stico y se\u00f1alando que se iba a realizar una &#8220;consulta a mano alzada&#8221; para decidir si renunciaba o no.<br \/>La parodia fue aplaudida por una parte de los asistentes, pero otros mostraron su enojo al se\u00f1alar que &#8220;esta no es la forma&#8221; y demandar &#8220;as\u00ed no, con majader\u00edas no&#8221;.<br \/>Los manifestantes, vestidos en su mayor\u00eda de color blanco, avanzaron gritando consignas contra el Presidente.<\/p>\n","protected":false},"excerpt":{"rendered":"<p>\u00a0\u00a0\u00a0 \u2022\u00a0\u00a0 \u00a0La marcha la organiz\u00f3 &#8220;Chalecos M\u00e9xico&#8221; junto con el Congreso Nacional Ciudadano\u2028<\/p>\n","protected":false},"author":93,"featured_media":0,"comment_status":"open","ping_status":"open","sticky":false,"template":"","format":"standard","meta":{"footnotes":""},"categories":[36],"tags":[],"class_list":["post-86184","post","type-post","status-publish","format-standard","hentry","category-nacion"],"_links":{"self":[{"href":"https:\/\/plazajuarez.mx\/historico\/wp-json\/wp\/v2\/posts\/86184","targetHints":{"allow":["GET"]}}],"collection":[{"href":"https:\/\/plazajuarez.mx\/historico\/wp-json\/wp\/v2\/posts"}],"about":[{"href":"https:\/\/plazajuarez.mx\/historico\/wp-json\/wp\/v2\/types\/post"}],"author":[{"embeddable":true,"href":"https:\/\/plazajuarez.mx\/historico\/wp-json\/wp\/v2\/users\/93"}],"replies":[{"embeddable":true,"href":"https:\/\/plazajuarez.mx\/historico\/wp-json\/wp\/v2\/comments?post=86184"}],"version-history":[{"count":0,"href":"https:\/\/plazajuarez.mx\/historico\/wp-json\/wp\/v2\/posts\/86184\/revisions"}],"wp:attachment":[{"href":"https:\/\/plazajuarez.mx\/historico\/wp-json\/wp\/v2\/media?parent=86184"}],"wp:term":[{"taxonomy":"category","embeddable":true,"href":"https:\/\/plazajuarez.mx\/historico\/wp-json\/wp\/v2\/categories?post=86184"},{"taxonomy":"post_tag","embeddable":true,"href":"https:\/\/plazajuarez.mx\/historico\/wp-json\/wp\/v2\/tags?post=86184"}],"curies":[{"name":"wp","href":"https:\/\/api.w.org\/{rel}","templated":true}]}}