{"id":86182,"date":"2019-07-01T04:32:32","date_gmt":"2019-07-01T04:32:32","guid":{"rendered":"http:\/\/plazajuarez.mx\/index\/index.php\/2019\/07\/01\/precandidato-de-eu-hace-visita-a-casa-del-migrante\/"},"modified":"2019-07-01T04:32:32","modified_gmt":"2019-07-01T04:32:32","slug":"precandidato-de-eu-hace-visita-a-casa-del-migrante","status":"publish","type":"post","link":"https:\/\/plazajuarez.mx\/historico\/precandidato-de-eu-hace-visita-a-casa-del-migrante\/","title":{"rendered":"Precandidato de EU hace visita a Casa del Migrante"},"content":{"rendered":"<p>FUE ACOMPA\u00d1ADO POR EL ALCALDE JUARENSE <br \/>\u00a0\u00a0 \u00a0\u2022\u00a0\u00a0 \u00a0Tuvo la oportunidad de escuchar el testimonio de mujeres y hombres provenientes de Guatemala y El Salvador\u2028<\/p>\n<p>  <!--more-->  <\/p>\n<p>CIUDAD JU\u00c1REZ, Chih.- Beto O\u2019Rourke, precandidato dem\u00f3crata a la Presidencia de Estados Unidos, visit\u00f3 este domingo la Casa del Migrante, albergue que actualmente refugia a casi 500 extranjeros, principalmente de origen centroamericano, quienes esperan su cita para obtener asilo pol\u00edtico en el pa\u00eds vecino.<br \/>Durante su recorrido, el pol\u00edtico\u00a0 estadounidense\u00a0 estuvo acompa\u00f1ado por el edil juarense, Armando Cabada Alv\u00eddrez.<br \/>O\u2019Rourke tuvo la oportunidad de escuchar el testimonio de mujeres y hombres provenientes de Guatemala y El Salvador.<br \/>El pol\u00edtico dem\u00f3crata se ha manifestado en varias ocasiones en contra de las pol\u00edticas migratorias que promueve actualmente el presidente Donald Trump, y en repetidas ocasiones ha se\u00f1alado que el trato que reciben los migrantes es &#8220;inhumano&#8221;, es por ello que ha decidido escuchar los testimonios de quienes han sufrido diferentes necesidades al dejar su pa\u00eds de origen. <br \/>En su visita a Ciudad Ju\u00e1rez, O\u2019Rourke se reuni\u00f3 con familias que fueron retornadas a M\u00e9xico, en el marco del Protocolo de Protecci\u00f3n a Migrantes, y escuch\u00f3 sus historias\u00a0 sobre las traves\u00edas que vivieron para llegar a esta frontera.<\/p>\n","protected":false},"excerpt":{"rendered":"<p>FUE ACOMPA\u00d1ADO POR EL ALCALDE JUARENSE \u00a0\u00a0 \u00a0\u2022\u00a0\u00a0 \u00a0Tuvo la oportunidad de escuchar el testimonio de mujeres y hombres provenientes de Guatemala y El Salvador\u2028<\/p>\n","protected":false},"author":93,"featured_media":0,"comment_status":"open","ping_status":"open","sticky":false,"template":"","format":"standard","meta":{"footnotes":""},"categories":[36],"tags":[],"class_list":["post-86182","post","type-post","status-publish","format-standard","hentry","category-nacion"],"_links":{"self":[{"href":"https:\/\/plazajuarez.mx\/historico\/wp-json\/wp\/v2\/posts\/86182","targetHints":{"allow":["GET"]}}],"collection":[{"href":"https:\/\/plazajuarez.mx\/historico\/wp-json\/wp\/v2\/posts"}],"about":[{"href":"https:\/\/plazajuarez.mx\/historico\/wp-json\/wp\/v2\/types\/post"}],"author":[{"embeddable":true,"href":"https:\/\/plazajuarez.mx\/historico\/wp-json\/wp\/v2\/users\/93"}],"replies":[{"embeddable":true,"href":"https:\/\/plazajuarez.mx\/historico\/wp-json\/wp\/v2\/comments?post=86182"}],"version-history":[{"count":0,"href":"https:\/\/plazajuarez.mx\/historico\/wp-json\/wp\/v2\/posts\/86182\/revisions"}],"wp:attachment":[{"href":"https:\/\/plazajuarez.mx\/historico\/wp-json\/wp\/v2\/media?parent=86182"}],"wp:term":[{"taxonomy":"category","embeddable":true,"href":"https:\/\/plazajuarez.mx\/historico\/wp-json\/wp\/v2\/categories?post=86182"},{"taxonomy":"post_tag","embeddable":true,"href":"https:\/\/plazajuarez.mx\/historico\/wp-json\/wp\/v2\/tags?post=86182"}],"curies":[{"name":"wp","href":"https:\/\/api.w.org\/{rel}","templated":true}]}}