{"id":86180,"date":"2019-07-01T04:32:20","date_gmt":"2019-07-01T04:32:20","guid":{"rendered":"http:\/\/plazajuarez.mx\/index\/index.php\/2019\/07\/01\/desaparecen-dos-jovenes-de-15-anos-y-sus-familiares-piden-ayuda-para-localizarlos\/"},"modified":"2019-07-01T04:32:20","modified_gmt":"2019-07-01T04:32:20","slug":"desaparecen-dos-jovenes-de-15-anos-y-sus-familiares-piden-ayuda-para-localizarlos","status":"publish","type":"post","link":"https:\/\/plazajuarez.mx\/historico\/desaparecen-dos-jovenes-de-15-anos-y-sus-familiares-piden-ayuda-para-localizarlos\/","title":{"rendered":"Desaparecen dos j\u00f3venes de 15 a\u00f1os y sus familiares piden ayuda para localizarlos"},"content":{"rendered":"<p>EN SAN SALVADOR Y ZEMPOALA<\/p>\n<p>Temen que algo les pueda pasar, ya que no saben nada de donde se puedan encontrar<\/p>\n<p>  <!--more-->  <\/p>\n<p>Familiares de dos j\u00f3venes de 15 a\u00f1os de edad, solicitaron ayuda a las autoridades ya que denunciaron que se encuentra desaparecidos y temen que algo malo les pueda ocurrir, ya que no saben nada de donde se puedan encontrar.<br \/>Erick Yair Martinez Cruz fue visto por \u00faltima vez el 22 de junio del a\u00f1o en curso, cuando acudi\u00f3 a la casa de su novia ubicada en la comunidad del Colorado, en el municipio de San Salvador y vest\u00eda pantal\u00f3n azul marino de mezclilla, sudadera negra y zapatos negros, cualquier informe se recibe en los n\u00fameros 7721184434 o 7721508618.<br \/>As\u00ed mismo, a Luis Alejandro Guti\u00e9rrez G\u00f3mez se le report\u00f3 como desaparecido el 25 de junio y se le vio por \u00faltima vez en el fraccionamiento \u201cLos Vi\u00f1edos de Zempoala, Hidalgo, pese a que ya se le busc\u00f3 con sus parientes y amigos, nadie supo dar raz\u00f3n de su paradero y su familia se encuentra muy afligida.<\/p>\n","protected":false},"excerpt":{"rendered":"<p>EN SAN SALVADOR Y ZEMPOALA Temen que algo les pueda pasar, ya que no saben nada de donde se puedan encontrar<\/p>\n","protected":false},"author":93,"featured_media":0,"comment_status":"open","ping_status":"open","sticky":false,"template":"","format":"standard","meta":{"footnotes":""},"categories":[37],"tags":[],"class_list":["post-86180","post","type-post","status-publish","format-standard","hentry","category-barandilla"],"_links":{"self":[{"href":"https:\/\/plazajuarez.mx\/historico\/wp-json\/wp\/v2\/posts\/86180","targetHints":{"allow":["GET"]}}],"collection":[{"href":"https:\/\/plazajuarez.mx\/historico\/wp-json\/wp\/v2\/posts"}],"about":[{"href":"https:\/\/plazajuarez.mx\/historico\/wp-json\/wp\/v2\/types\/post"}],"author":[{"embeddable":true,"href":"https:\/\/plazajuarez.mx\/historico\/wp-json\/wp\/v2\/users\/93"}],"replies":[{"embeddable":true,"href":"https:\/\/plazajuarez.mx\/historico\/wp-json\/wp\/v2\/comments?post=86180"}],"version-history":[{"count":0,"href":"https:\/\/plazajuarez.mx\/historico\/wp-json\/wp\/v2\/posts\/86180\/revisions"}],"wp:attachment":[{"href":"https:\/\/plazajuarez.mx\/historico\/wp-json\/wp\/v2\/media?parent=86180"}],"wp:term":[{"taxonomy":"category","embeddable":true,"href":"https:\/\/plazajuarez.mx\/historico\/wp-json\/wp\/v2\/categories?post=86180"},{"taxonomy":"post_tag","embeddable":true,"href":"https:\/\/plazajuarez.mx\/historico\/wp-json\/wp\/v2\/tags?post=86180"}],"curies":[{"name":"wp","href":"https:\/\/api.w.org\/{rel}","templated":true}]}}