{"id":86166,"date":"2019-07-01T04:24:27","date_gmt":"2019-07-01T04:24:27","guid":{"rendered":"http:\/\/plazajuarez.mx\/index\/index.php\/2019\/07\/01\/presente-fayad-en-despliegue-de-gn\/"},"modified":"2019-07-01T04:24:27","modified_gmt":"2019-07-01T04:24:27","slug":"presente-fayad-en-despliegue-de-gn","status":"publish","type":"post","link":"https:\/\/plazajuarez.mx\/historico\/presente-fayad-en-despliegue-de-gn\/","title":{"rendered":"Presente Fayad en despliegue de GN"},"content":{"rendered":"<p>HIDALGO BRINDAR\u00c1 APOYO<\/p>\n<p>  <!--more-->  <\/p>\n<p>El gobernador Omar Fayad acompa\u00f1\u00f3 al presidente Andr\u00e9s Manuel L\u00f3pez Obrador a la ceremonia de despliegue de los m\u00e1s de 70 mil elementos que integran la Guardia Nacional hacia las 150 regiones de las 32 entidades del pa\u00eds, que atender\u00e1 en la primera etapa.<br \/>\u00a0<br \/>\u201cHidalgo apoyar\u00e1 al gobierno federal con informaci\u00f3n, tecnolog\u00eda, infraestructura y pol\u00edticas de prevenci\u00f3n\u201d, reiter\u00f3 el mandatario estatal, quien conf\u00eda en la capacidad y valor de las y los elementos de la Guardia Nacional, pues su trabajo redundar\u00e1 en la seguridad de M\u00e9xico, \u201csiempre bajo el respeto irrestricto a los derechos humanos\u201d.<br \/>\u00a0<br \/>La Guardia Nacional llegar\u00e1 a Hidalgo a los municipios de Actopan y Tulancingo. Entre las funciones que tendr\u00e1n los elementos destacan: prevenir la comisi\u00f3n de delitos; salvaguardar la integridad de las personas y su patrimonio; garantizar y restablecer el orden y la paz social; realizar operaciones encubiertas en la investigaci\u00f3n para prevenir delitos; entre otras.<\/p>\n","protected":false},"excerpt":{"rendered":"<p>HIDALGO BRINDAR\u00c1 APOYO<\/p>\n","protected":false},"author":93,"featured_media":0,"comment_status":"open","ping_status":"open","sticky":false,"template":"","format":"standard","meta":{"footnotes":""},"categories":[59],"tags":[],"class_list":["post-86166","post","type-post","status-publish","format-standard","hentry","category-general"],"_links":{"self":[{"href":"https:\/\/plazajuarez.mx\/historico\/wp-json\/wp\/v2\/posts\/86166","targetHints":{"allow":["GET"]}}],"collection":[{"href":"https:\/\/plazajuarez.mx\/historico\/wp-json\/wp\/v2\/posts"}],"about":[{"href":"https:\/\/plazajuarez.mx\/historico\/wp-json\/wp\/v2\/types\/post"}],"author":[{"embeddable":true,"href":"https:\/\/plazajuarez.mx\/historico\/wp-json\/wp\/v2\/users\/93"}],"replies":[{"embeddable":true,"href":"https:\/\/plazajuarez.mx\/historico\/wp-json\/wp\/v2\/comments?post=86166"}],"version-history":[{"count":0,"href":"https:\/\/plazajuarez.mx\/historico\/wp-json\/wp\/v2\/posts\/86166\/revisions"}],"wp:attachment":[{"href":"https:\/\/plazajuarez.mx\/historico\/wp-json\/wp\/v2\/media?parent=86166"}],"wp:term":[{"taxonomy":"category","embeddable":true,"href":"https:\/\/plazajuarez.mx\/historico\/wp-json\/wp\/v2\/categories?post=86166"},{"taxonomy":"post_tag","embeddable":true,"href":"https:\/\/plazajuarez.mx\/historico\/wp-json\/wp\/v2\/tags?post=86166"}],"curies":[{"name":"wp","href":"https:\/\/api.w.org\/{rel}","templated":true}]}}