{"id":86163,"date":"2019-07-01T04:24:21","date_gmt":"2019-07-01T04:24:21","guid":{"rendered":"http:\/\/plazajuarez.mx\/index\/index.php\/2019\/07\/01\/alistan-festival-del-folclor-sera-apoyado-por-profest\/"},"modified":"2019-07-01T04:24:21","modified_gmt":"2019-07-01T04:24:21","slug":"alistan-festival-del-folclor-sera-apoyado-por-profest","status":"publish","type":"post","link":"https:\/\/plazajuarez.mx\/historico\/alistan-festival-del-folclor-sera-apoyado-por-profest\/","title":{"rendered":"Alistan Festival del Folclor, ser\u00e1 apoyado por PROFEST\u2028\u2028"},"content":{"rendered":"<p>HIDALGO<\/p>\n<p>  <!--more-->  <\/p>\n<p>Por primera vez en la historia del estado, el Festival del Folclor tendr\u00e1 acceso a recursos del PROFEST, el cual es un incentivo federal de la Secretar\u00eda de Cultura, que otorga un apoyo financiero para promocionar festivales art\u00edsticos y culturales, as\u00ed lo dio a conocer Olaf Hern\u00e1ndez S\u00e1nchez, Secretario de Cultura de Hidalgo. <br \/>El secretario indic\u00f3 que el festival cuenta con gran trayectoria en Hidalgo, mismo que es producto del trabajo de cientos de hidalguenses comprometidos con el desarrollo cultural de la entidad. <br \/>As\u00ed mismo, indic\u00f3 que a partir de la actual administraci\u00f3n, el evento cultural que se realiza en la ciudad de Tulancingo ha tenido un desarrollo, promoci\u00f3n y difusi\u00f3n importante para todos los tulancinguenses.<br \/>Indic\u00f3 que el festival contar\u00e1 con un desfile por la ciudad de Pachuca, recorriendo las principales calles y posteriormente habr\u00e1 una gala de bailes folcl\u00f3ricos de diversos pa\u00edses del mundo, incluyendo Grecia, Alemania, y algunos otros latinoamericanos. <br \/>Se contar\u00e1 adem\u00e1s con una carpa gastron\u00f3mica y artesanal mostrando la diversidad cultural del mundo.\u00a0 <\/p>\n","protected":false},"excerpt":{"rendered":"<p>HIDALGO<\/p>\n","protected":false},"author":93,"featured_media":0,"comment_status":"open","ping_status":"open","sticky":false,"template":"","format":"standard","meta":{"footnotes":""},"categories":[59],"tags":[],"class_list":["post-86163","post","type-post","status-publish","format-standard","hentry","category-general"],"_links":{"self":[{"href":"https:\/\/plazajuarez.mx\/historico\/wp-json\/wp\/v2\/posts\/86163","targetHints":{"allow":["GET"]}}],"collection":[{"href":"https:\/\/plazajuarez.mx\/historico\/wp-json\/wp\/v2\/posts"}],"about":[{"href":"https:\/\/plazajuarez.mx\/historico\/wp-json\/wp\/v2\/types\/post"}],"author":[{"embeddable":true,"href":"https:\/\/plazajuarez.mx\/historico\/wp-json\/wp\/v2\/users\/93"}],"replies":[{"embeddable":true,"href":"https:\/\/plazajuarez.mx\/historico\/wp-json\/wp\/v2\/comments?post=86163"}],"version-history":[{"count":0,"href":"https:\/\/plazajuarez.mx\/historico\/wp-json\/wp\/v2\/posts\/86163\/revisions"}],"wp:attachment":[{"href":"https:\/\/plazajuarez.mx\/historico\/wp-json\/wp\/v2\/media?parent=86163"}],"wp:term":[{"taxonomy":"category","embeddable":true,"href":"https:\/\/plazajuarez.mx\/historico\/wp-json\/wp\/v2\/categories?post=86163"},{"taxonomy":"post_tag","embeddable":true,"href":"https:\/\/plazajuarez.mx\/historico\/wp-json\/wp\/v2\/tags?post=86163"}],"curies":[{"name":"wp","href":"https:\/\/api.w.org\/{rel}","templated":true}]}}