{"id":86026,"date":"2019-06-28T05:51:34","date_gmt":"2019-06-28T05:51:34","guid":{"rendered":"http:\/\/plazajuarez.mx\/index\/index.php\/2019\/06\/28\/johnny-depp-y-amber-heard-en-juicio-por-difamacion\/"},"modified":"2019-06-28T05:51:34","modified_gmt":"2019-06-28T05:51:34","slug":"johnny-depp-y-amber-heard-en-juicio-por-difamacion","status":"publish","type":"post","link":"https:\/\/plazajuarez.mx\/historico\/johnny-depp-y-amber-heard-en-juicio-por-difamacion\/","title":{"rendered":"Johnny Depp y Amber Heard, en juicio por difamaci\u00f3n"},"content":{"rendered":"<p>En el 2020 <br \/>\u00a0\u00a0 \u00a0\u2022\u00a0\u00a0 \u00a0El int\u00e9rprete acus\u00f3 a su ex pareja por un art\u00edculo en el que ella dijo ser una v\u00edctima\u2028<\/p>\n<p>  <!--more-->  <\/p>\n<p>Un juez de Virginia program\u00f3 el juicio de difamaci\u00f3n que interpuso el actor Johnny Depp contra su ex pareja Amber Heard para inicios del pr\u00f3ximo a\u00f1o. De acuerdo con The Blast se estima que el juicio durar\u00e1 12 d\u00edas, aunque una audiencia sobre la moci\u00f3n de la actriz para desestimar el caso est\u00e1 programada para ma\u00f1ana.\u00a0 El actor asegur\u00f3 en mayo pasado que nunca abus\u00f3 de su ex esposa sino que, por el contrario, \u00e9l fue v\u00edctima de sus ataques y que ella se &#8220;pint\u00f3&#8221; moretones para obtener en 2016 una orden de alejamiento temporal.\u00a0 El actor conocido por su papel como el Capit\u00e1n Jack Sparrow en las pel\u00edculas Los Piratas del Caribe acus\u00f3 a Amber Heard de difamaci\u00f3n por un art\u00edculo de opini\u00f3n en The Washington Post en el que la actriz describi\u00f3 ser una presunta v\u00edctima de violencia dom\u00e9stica. Si bien ella nunca mencion\u00f3 a Depp por su nombre, la demanda del actor calific\u00f3 de &#8220;enga\u00f1o&#8221; las acusaciones en su contra. El int\u00e9rprete est\u00e1 demandando a Amber Heard por 50 millones de d\u00f3lares. <br \/>Aunque el juicio se llevar\u00e1 a cabo hasta el pr\u00f3ximo a\u00f1o, se presume que podr\u00eda ser bastante tardado, ya que ninguna de las dos partes querr\u00e1 soltar dinero para tratar de arreglar la situaci\u00f3n, esto puede tener mayores agravantes, ya que la historia fue vendida a los medios de comunicaci\u00f3n.<\/p>\n","protected":false},"excerpt":{"rendered":"<p>En el 2020 \u00a0\u00a0 \u00a0\u2022\u00a0\u00a0 \u00a0El int\u00e9rprete acus\u00f3 a su ex pareja por un art\u00edculo en el que ella dijo ser una v\u00edctima\u2028<\/p>\n","protected":false},"author":93,"featured_media":0,"comment_status":"open","ping_status":"open","sticky":false,"template":"","format":"standard","meta":{"footnotes":""},"categories":[38],"tags":[],"class_list":["post-86026","post","type-post","status-publish","format-standard","hentry","category-show"],"_links":{"self":[{"href":"https:\/\/plazajuarez.mx\/historico\/wp-json\/wp\/v2\/posts\/86026","targetHints":{"allow":["GET"]}}],"collection":[{"href":"https:\/\/plazajuarez.mx\/historico\/wp-json\/wp\/v2\/posts"}],"about":[{"href":"https:\/\/plazajuarez.mx\/historico\/wp-json\/wp\/v2\/types\/post"}],"author":[{"embeddable":true,"href":"https:\/\/plazajuarez.mx\/historico\/wp-json\/wp\/v2\/users\/93"}],"replies":[{"embeddable":true,"href":"https:\/\/plazajuarez.mx\/historico\/wp-json\/wp\/v2\/comments?post=86026"}],"version-history":[{"count":0,"href":"https:\/\/plazajuarez.mx\/historico\/wp-json\/wp\/v2\/posts\/86026\/revisions"}],"wp:attachment":[{"href":"https:\/\/plazajuarez.mx\/historico\/wp-json\/wp\/v2\/media?parent=86026"}],"wp:term":[{"taxonomy":"category","embeddable":true,"href":"https:\/\/plazajuarez.mx\/historico\/wp-json\/wp\/v2\/categories?post=86026"},{"taxonomy":"post_tag","embeddable":true,"href":"https:\/\/plazajuarez.mx\/historico\/wp-json\/wp\/v2\/tags?post=86026"}],"curies":[{"name":"wp","href":"https:\/\/api.w.org\/{rel}","templated":true}]}}