{"id":85751,"date":"2019-06-24T04:08:20","date_gmt":"2019-06-24T04:08:20","guid":{"rendered":"http:\/\/plazajuarez.mx\/index\/index.php\/2019\/06\/24\/la-propaganda-como-verdad\/"},"modified":"2019-06-24T04:08:20","modified_gmt":"2019-06-24T04:08:20","slug":"la-propaganda-como-verdad","status":"publish","type":"post","link":"https:\/\/plazajuarez.mx\/historico\/la-propaganda-como-verdad\/","title":{"rendered":"La propaganda como verdad"},"content":{"rendered":"<p>FAMILIA POL\u00cdTICA<\/p>\n<p>  <!--more-->  <\/p>\n<p>\u201cHay que hacer creer al pueblo que el hambre, <br \/>la sed, la escasez y las enfermedades, son culpa <br \/>de nuestros opositores y hacer que nuestros <br \/>simpatizantes lo repitan en todo momento\u201d.<br \/>Joseph Goebbels.<\/p>\n<p>El siniestro jefe de propaganda nazi, Joseph Goebbels (1897-1945), afirmaba que \u201cUna mentira que se repite mil veces, se convierte en verdad\u201d. Deseoso de servir con \u00f3ptima eficiencia a su jefe, el \u201cArio\u201d Adolf Hitler, le aconsejaba cuanto se maneja en el ep\u00edgrafe: Primero, \u201chay que hacer creer al pueblo que el hambre, la sed y las enfermedades, son culpa de nuestros opositores\u201d. Segundo, \u201chay que hacer que nuestros simpatizantes lo repitan en todo momento\u201d, hasta que la masa lo grabe en su consciente y en su subconsciente como dogma de fe; como verdad indubitable. El contenido de esta ideolog\u00eda, en forma de programa educativo, dio los terribles resultados que la humanidad registra: un pueblo dogm\u00e1tico, una juventud enajenada, un l\u00edder demente que, crey\u00e9ndose superhombre, condujo a la humanidad a su gran holocausto, y al objetivo institucional de terminar con la raza jud\u00eda.<br \/>\u00a0\u00a0 \u00a0Este esquema, por su naturaleza, es propaganda, pero por su repercusi\u00f3n puede ser un mensaje de odio e idolatr\u00eda para aqu\u00e9l que logra erigirse como sumo sacerdote de esa religi\u00f3n \u201cdemocr\u00e1tica\u201d, cuya m\u00edstica es encontrar en cada pr\u00f3jimo (compatriota o extranjero), un enemigo en potencia al cual hay que exterminar, cuando sus votos en nada benefician al sistema o a quien, en su nombre, puede dispensar los m\u00e1ximos favores o dictar las sentencias m\u00e1s crueles.<br \/>Dante Alighieri afirmaba que no existe dolor m\u00e1s profundo, que recordar los momentos de gloria en \u00e9pocas de infortunio. Lo anterior aplica fundamentalmente a los pol\u00edticos. El mismo pensador dec\u00eda que los grandes hombres s\u00f3lo se forjan en la adversidad; por ello, conseguir el poder se torna obsesi\u00f3n para algunos. Buscan el poder una y otra vez, a\u00f1o tras a\u00f1o, elecci\u00f3n tras elecci\u00f3n, sexenio tras sexenio, hasta que las condiciones objetivas les sonr\u00eden y logran conseguir sus metas. El riesgo es que les ocurra lo que al viejito, a quien le gustaba perseguir muchachas, pero el d\u00eda que alcanz\u00f3 a una, ya no se acord\u00f3 para qu\u00e9.<br \/>A quienes se empoderan con base en la cultura del esfuerzo, no conciben la vida fuera del poder (el propio Ju\u00e1rez, por razones hist\u00f3ricas, prolong\u00f3 su mandato casi dieciocho a\u00f1os. Muri\u00f3 siendo Presidente), les cuesta mucho trabajo imaginarse qu\u00e9 har\u00edan a partir del primer d\u00eda sin investidura. Su obsesi\u00f3n de perdurar los acompa\u00f1a siempre y en todo lugar; todos los d\u00edas hacen campa\u00f1a en pro de un sucesor (a\u00fan indefinido), por cuyo sumiso conducto puedan ejercer de manera vitalicia, su insaciable hambre de dominio. Durante toda su vida ciudadana hacen de la oposici\u00f3n a los reg\u00edmenes en turno, modus vivendi. Se acostumbran tanto a criticar, que ni siquiera se dan cuenta cuando ellos son gobierno, que no pueden ser poder y oposici\u00f3n al mismo tiempo.<br \/>Estar al lado de los que disienten, gritan, marchan, ofenden\u2026, no implica m\u00e1s responsabilidad que la moral, la que se contrae ante la lealtad de los seguidores; no hay sanci\u00f3n formal. En cambio, cuando se llega al otro lado, la primera responsabilidad consiste en aprender a gobernar, a tolerar como sujeto pasivo las exigencias, las cr\u00edticas que, con fundamento o sin \u00e9l, grita el pueblo que otorg\u00f3 su confianza mediante el sufragio y que, cuando no ve resultados, se alebresta, demanda a quien no cumple sus expectativas y promesas, ahora bajo el amparo de la norma jur\u00eddica. <br \/>Siempre ser\u00e1 m\u00e1s f\u00e1cil administrar la esperanza desde la oposici\u00f3n, que controlar la frustraci\u00f3n social desde el gobierno, aunque se pretenda, por ignorancia o mala fe, destruir al Estado de Derecho, al decir que la justicia est\u00e1 por encima de la Ley.<br \/>En una democracia, el ente de poder no gobierna s\u00f3lo, busca rodearse de quienes considera mejores, lo mismo para integrar el Gabinete por nombramiento administrativo, que el judicial por voto indirecto o el legislativo, por elecci\u00f3n popular. El riesgo es que los afectos lo dominen, lo pongan por encima de sus responsabilidades y que en lugar de exigir mejores resultados a un funcionario (a), en beneficio de los electores, el gobernante acuda en su reiterada defensa, aunque, evidentemente, est\u00e9 fallando.<br \/>Enrique Krauze, en una publicaci\u00f3n reciente criticaba un apapacho de AMLO a la Jefa de Gobierno de la Ciudad de M\u00e9xico y dec\u00eda: \u201cImaginemos por un momento a Enrique Pe\u00f1a Nieto, encabezando un mitin en defensa, digamos, del procurador Murillo Karam, en aquellos d\u00edas aciagos de Ayotzinapa, levantando la mano de Murillo en Guerrero, gritando \u201cNo est\u00e1s solo\u201d, acusando a las fuerzas de oposici\u00f3n de conspirar contra el poder\u201d. Desde luego, la comparaci\u00f3n es desafortunada; esto no puede ser, porque el Procurador siempre estuvo convencido de una verdad metodol\u00f3gicamente fundamentada, la cual, hasta la fecha, no ha podido desvirtuarse, a pesar de tantos \u201cgrupos especializados\u201d que se empe\u00f1an en buscar un cuchillo sin mango, al que le falta la hoja.<br \/>Goebbels dec\u00eda: Hay que hacer creer al pueblo que el hambre, la sed, la escasez y las enfermedades son culpa de nuestros opositores y hacer que nuestros simpatizantes lo repitan en todo momento. Tal parece que los tiempos no cambian, aunque desde el poder, quienes lo ejercen, conf\u00edan en un pueblo \u201cbueno y sabio\u201d, esa bondad no alcanzar\u00eda para justificar todos los yerros e ineficacias de manera indefinida, alg\u00fan d\u00eda, la sabidur\u00eda har\u00eda que se preguntase a s\u00ed mismo: \u00bfDe veras todo estaba tan mal en los anteriores gobiernos? \u00bfDe veras nuestros adversarios ser\u00edan capaces de destruir a su patria, con el \u00fanico prop\u00f3sito de hacernos quedar mal? Como en Sodoma y Gomorra, \u00bfentre tanto corrupto, no existe alg\u00fan servidor p\u00fablico honesto?<\/p>\n","protected":false},"excerpt":{"rendered":"<p>FAMILIA POL\u00cdTICA<\/p>\n","protected":false},"author":93,"featured_media":0,"comment_status":"open","ping_status":"open","sticky":false,"template":"","format":"standard","meta":{"footnotes":""},"categories":[50],"tags":[],"class_list":["post-85751","post","type-post","status-publish","format-standard","hentry","category-prisciliano-gutierrez"],"_links":{"self":[{"href":"https:\/\/plazajuarez.mx\/historico\/wp-json\/wp\/v2\/posts\/85751","targetHints":{"allow":["GET"]}}],"collection":[{"href":"https:\/\/plazajuarez.mx\/historico\/wp-json\/wp\/v2\/posts"}],"about":[{"href":"https:\/\/plazajuarez.mx\/historico\/wp-json\/wp\/v2\/types\/post"}],"author":[{"embeddable":true,"href":"https:\/\/plazajuarez.mx\/historico\/wp-json\/wp\/v2\/users\/93"}],"replies":[{"embeddable":true,"href":"https:\/\/plazajuarez.mx\/historico\/wp-json\/wp\/v2\/comments?post=85751"}],"version-history":[{"count":0,"href":"https:\/\/plazajuarez.mx\/historico\/wp-json\/wp\/v2\/posts\/85751\/revisions"}],"wp:attachment":[{"href":"https:\/\/plazajuarez.mx\/historico\/wp-json\/wp\/v2\/media?parent=85751"}],"wp:term":[{"taxonomy":"category","embeddable":true,"href":"https:\/\/plazajuarez.mx\/historico\/wp-json\/wp\/v2\/categories?post=85751"},{"taxonomy":"post_tag","embeddable":true,"href":"https:\/\/plazajuarez.mx\/historico\/wp-json\/wp\/v2\/tags?post=85751"}],"curies":[{"name":"wp","href":"https:\/\/api.w.org\/{rel}","templated":true}]}}