{"id":85750,"date":"2019-06-24T04:08:16","date_gmt":"2019-06-24T04:08:16","guid":{"rendered":"http:\/\/plazajuarez.mx\/index\/index.php\/2019\/06\/24\/temc-entre-la-prisa-de-mexico-y-los-intereses-de-los-democratas\/"},"modified":"2019-06-24T04:08:16","modified_gmt":"2019-06-24T04:08:16","slug":"temc-entre-la-prisa-de-mexico-y-los-intereses-de-los-democratas","status":"publish","type":"post","link":"https:\/\/plazajuarez.mx\/historico\/temc-entre-la-prisa-de-mexico-y-los-intereses-de-los-democratas\/","title":{"rendered":"TEMC: entre la prisa de M\u00e9xico y los intereses de los dem\u00f3cratas"},"content":{"rendered":"<p>N\u00daMEROS CLAROS<\/p>\n<p>  <!--more-->  <\/p>\n<p>Las amenazas del presidente de los Estados Unidos, Donald Trump, de imponer aranceles a M\u00e9xico y Canad\u00e1, as\u00ed como su determinaci\u00f3n de cumplir frente a sus electores con su promesa de campa\u00f1a, de poner fin al Tratado de Libre Comercio de Am\u00e9rica del Norte (TLCAN), hicieron posible el nuevo Acuerdo Comercial entre Estados Unidos, M\u00e9xico y Canad\u00e1 (TEMC); poniendo fin al proyecto de integraci\u00f3n regional surgido en 1993 con el TLCAN y obstruyendo el desarrollo de las cadenas de valor que dese entonces se hab\u00edan venido formando.<br \/>Esta semana el Senado de la Rep\u00fablica ratific\u00f3 en nuevo acuerdo comercial con aranceles que sustituir\u00e1 al TLCAN. Con la ratificaci\u00f3n del TEMC por el Senado, el presidente Andr\u00e9s Manuel L\u00f3pez Obrador ha querido dar muestras de firmeza al mandatario de los Estados Unidos en el tema comercial y evitar m\u00e1s arrebatos de su parte, como el de imponer aranceles graduales a todas las exportaciones mexicanas hacia su pa\u00eds si M\u00e9xico no controlaba los flujos de inmigrantes centroamericanos, temas que puede poner en riesgo la estabilidad econ\u00f3mica y social de nuestro pa\u00eds; quiz\u00e1 por esa raz\u00f3n, el presidente de M\u00e9xico ha se\u00f1alado que nuestro pa\u00eds ha sido el primero en ratificar el nuevo acuerdo, el cual no aporta mejoras al TLCAN, por el contrario, salvo en que no se cierren los mercados.<br \/>Sin embargo, los empresarios de los tres pa\u00edses saben que nada ser\u00e1 igual para ellos bajo el nuevo acuerdo. Los hombres de negocios de los tres pa\u00edses, ahora tendr\u00e1n que ver muchos de sus productos bajo la lupa de los aranceles y las reglas de origen de sus componentes; lo cual va complicar su trabajo y, seguramente, incrementar\u00e1 los costos de producci\u00f3n de los productos de exportaciones, los cuales ser\u00e1n pagados por los consumidores finales.<br \/>El fin del libre comercio parece instalarse en Am\u00e9rica del Norte. La idea del libre comercio es liberar a los productos, servicios y capitales de pagar aranceles, facilitar su circulaci\u00f3n en un espacio econ\u00f3mico com\u00fan, los cuales terminan encareci\u00e9ndolos en los pa\u00edses que los importan cuando se imponen impuestos a la entrada; pero tambi\u00e9n, el libre comercio pretende aprovechar de una manera m\u00e1s eficiente los recursos naturales, la fuerza de trabajo y el capital, explotando las ventajas comparativas que cada pa\u00eds tiene sobre otro en cada factor de producci\u00f3n; tema sobre el cual David Ricardo, Adam Smith y Carlos Marx, profundizaron en sus trabajos en el pasado.<br \/>El presidente Trump no cree en el libre comercio y desea encerrar a su pa\u00eds, no s\u00f3lo detr\u00e1s de una muralla de acero y concreto, sino de una barrera infranqueable de aranceles, culpando al libre comercio de ser la causa de la fuga de empresas y de empleos. En principio, si bien la promesa del presidente estadounidense de no poner aranceles a las importaciones de aluminio y acero (10% y 25%) provenientes de sus socios en Norteam\u00e9rica, sirvi\u00f3 de medio para allana el camino y firmar el nuevo acuerdo comercial negociado en 2018 entre los tres pa\u00edses; y aunque M\u00e9xico se adelant\u00f3 a ratificarlo plenamente con su aprobaci\u00f3n en el Senado, a\u00fan est\u00e1 vigente el TLCAN y queda por ser ratificado por los congresos de los Estados Unidos y Canad\u00e1, camino que no parece ser f\u00e1cil.<br \/>El Congreso de los Estados Unidos a\u00fan no ha decidido sobre el tratado firmado por la administraci\u00f3n Trump el a\u00f1o pasado con Canad\u00e1 y M\u00e9xico. Los dem\u00f3cratas est\u00e1n esperando garant\u00edas, especialmente en las recientes reformas por parte de M\u00e9xico en materia laboral y no parecen tener la prisa que ha demostrado nuestro pa\u00eds para hacerlo y la del presidente Trump que dese ver ratificado el TMEC antes del verano.<br \/>El TLCAN ha sido calificado por el presidente TRUMP como el peor tratado comercial en la historia de Estados Unidos, pero su acuerdo comercial con aranceles a\u00fan necesita ser aprobado por ambas c\u00e1maras de su pa\u00eds para entrar en vigor. Los dem\u00f3cratas se han convertido en el mayor obst\u00e1culo que debe franquear el presidente estadounidense y en los mejores defensores del libre comercio, como lo han sido de los Acuerdos de Paris sobre el calentamiento global, de los cuales el presidente Trump sac\u00f3 a su pa\u00eds, al igual que lo hizo de los acuerdos sobre emigraci\u00f3n.<br \/>Tiempo y m\u00e1s tiempo reclaman los dem\u00f3cratas para enfrentar al presidente Trump y su visi\u00f3n del mundo. Si bien la mayor\u00eda dem\u00f3crata en la C\u00e1mara de Representantes ha se\u00f1alado que desea obtener algunas garant\u00edas antes de decidir o proponer incluso cambios al TEMC para aprobarlo, en realidad es evidente que la presidenta de la c\u00e1mara baja, Nancy Pelosi, seguir\u00e1 en su posici\u00f3n de no organizar ninguna votaci\u00f3n sobre el TEMC, bajo el pretexto de obtener esas garant\u00edas de M\u00e9xico; pero en el fondo, los dem\u00f3cratas parecen estar ganando tiempo para sacar de la Casa Blanca al presidente Trump y su visi\u00f3n sesgada del mundo, del comercio, del medio ambiente, de los problemas de migraci\u00f3n y de la realidad por la que atraviesa hoy el planeta.<\/p>\n","protected":false},"excerpt":{"rendered":"<p>N\u00daMEROS CLAROS<\/p>\n","protected":false},"author":93,"featured_media":0,"comment_status":"open","ping_status":"open","sticky":false,"template":"","format":"standard","meta":{"footnotes":""},"categories":[45],"tags":[],"class_list":["post-85750","post","type-post","status-publish","format-standard","hentry","category-jose-luis-ortiz-santillan"],"_links":{"self":[{"href":"https:\/\/plazajuarez.mx\/historico\/wp-json\/wp\/v2\/posts\/85750","targetHints":{"allow":["GET"]}}],"collection":[{"href":"https:\/\/plazajuarez.mx\/historico\/wp-json\/wp\/v2\/posts"}],"about":[{"href":"https:\/\/plazajuarez.mx\/historico\/wp-json\/wp\/v2\/types\/post"}],"author":[{"embeddable":true,"href":"https:\/\/plazajuarez.mx\/historico\/wp-json\/wp\/v2\/users\/93"}],"replies":[{"embeddable":true,"href":"https:\/\/plazajuarez.mx\/historico\/wp-json\/wp\/v2\/comments?post=85750"}],"version-history":[{"count":0,"href":"https:\/\/plazajuarez.mx\/historico\/wp-json\/wp\/v2\/posts\/85750\/revisions"}],"wp:attachment":[{"href":"https:\/\/plazajuarez.mx\/historico\/wp-json\/wp\/v2\/media?parent=85750"}],"wp:term":[{"taxonomy":"category","embeddable":true,"href":"https:\/\/plazajuarez.mx\/historico\/wp-json\/wp\/v2\/categories?post=85750"},{"taxonomy":"post_tag","embeddable":true,"href":"https:\/\/plazajuarez.mx\/historico\/wp-json\/wp\/v2\/tags?post=85750"}],"curies":[{"name":"wp","href":"https:\/\/api.w.org\/{rel}","templated":true}]}}