{"id":85594,"date":"2019-06-21T10:57:00","date_gmt":"2019-06-21T10:57:00","guid":{"rendered":"http:\/\/plazajuarez.mx\/index\/index.php\/2019\/06\/21\/artesanos-hidalguenses-recibiran-talleres-de-capacitacion\/"},"modified":"2019-06-21T10:57:00","modified_gmt":"2019-06-21T10:57:00","slug":"artesanos-hidalguenses-recibiran-talleres-de-capacitacion","status":"publish","type":"post","link":"https:\/\/plazajuarez.mx\/historico\/artesanos-hidalguenses-recibiran-talleres-de-capacitacion\/","title":{"rendered":"Artesanos hidalguenses recibir\u00e1n talleres de capacitaci\u00f3n"},"content":{"rendered":"<p>\u00a0\u00a0\u00a0 \u2022\u00a0\u00a0 \u00a0Instalan mesas de di\u00e1logo \u201cpara la salvaguardia del arte popular de Hidalgo\u201d\u2028<\/p>\n<p>  <!--more-->  <\/p>\n<p>El titular de la Secretar\u00eda de Cultura, Olaf Hern\u00e1ndez S\u00e1nchez adelant\u00f3 que artesanos hidalguenses recibir\u00e1n talleres de capacitaci\u00f3n, con la finalidad de emprender la defensa del patrimonio inmaterial.<br \/>\u201cEs prioritario implementar acciones focalizadas en total apego al reconocimiento de la cultura de quienes trabajan en la creaci\u00f3n de artesan\u00edas, as\u00ed como de la exigencia de respeto a las caracter\u00edsticas propias de cada regi\u00f3n geocultural, su pluralidad, participaci\u00f3n de hombres y mujeres en la toma de decisiones y en su cosmovisi\u00f3n y relaci\u00f3n con su nicho natural, poniendo \u00e9nfasis en pr\u00e1cticas del patrimonio inmaterial en riesgo\u201d. <br \/>Lo anterior, durante la instalaci\u00f3n de las mesas de di\u00e1logo \u201cpara la salvaguardia del arte popular de Hidalgo\u201d, con la finalidad de incentivar el desarrollo cultural y mejorar las condiciones de vida de los artesanos de las diferentes regiones del estado.<br \/>\u201cEs apremiante implementar acciones para la conservaci\u00f3n, preservaci\u00f3n de las pr\u00e1cticas, saberes, t\u00e9cnicas, uso de materiales, sistema organizativo de los talleres dom\u00e9sticos artesanales e iconograf\u00eda.<br \/>\u201cEn virtud de que en los \u00faltimos a\u00f1os hemos visto el plagio de los dise\u00f1os en marcas comerciales y grandes empresas que al final no reconocen el trabajo creativo de los artesanos ni los benefician a nivel econ\u00f3mico\u201d.<\/p>\n","protected":false},"excerpt":{"rendered":"<p>\u00a0\u00a0\u00a0 \u2022\u00a0\u00a0 \u00a0Instalan mesas de di\u00e1logo \u201cpara la salvaguardia del arte popular de Hidalgo\u201d\u2028<\/p>\n","protected":false},"author":93,"featured_media":0,"comment_status":"open","ping_status":"open","sticky":false,"template":"","format":"standard","meta":{"footnotes":""},"categories":[59],"tags":[],"class_list":["post-85594","post","type-post","status-publish","format-standard","hentry","category-general"],"_links":{"self":[{"href":"https:\/\/plazajuarez.mx\/historico\/wp-json\/wp\/v2\/posts\/85594","targetHints":{"allow":["GET"]}}],"collection":[{"href":"https:\/\/plazajuarez.mx\/historico\/wp-json\/wp\/v2\/posts"}],"about":[{"href":"https:\/\/plazajuarez.mx\/historico\/wp-json\/wp\/v2\/types\/post"}],"author":[{"embeddable":true,"href":"https:\/\/plazajuarez.mx\/historico\/wp-json\/wp\/v2\/users\/93"}],"replies":[{"embeddable":true,"href":"https:\/\/plazajuarez.mx\/historico\/wp-json\/wp\/v2\/comments?post=85594"}],"version-history":[{"count":0,"href":"https:\/\/plazajuarez.mx\/historico\/wp-json\/wp\/v2\/posts\/85594\/revisions"}],"wp:attachment":[{"href":"https:\/\/plazajuarez.mx\/historico\/wp-json\/wp\/v2\/media?parent=85594"}],"wp:term":[{"taxonomy":"category","embeddable":true,"href":"https:\/\/plazajuarez.mx\/historico\/wp-json\/wp\/v2\/categories?post=85594"},{"taxonomy":"post_tag","embeddable":true,"href":"https:\/\/plazajuarez.mx\/historico\/wp-json\/wp\/v2\/tags?post=85594"}],"curies":[{"name":"wp","href":"https:\/\/api.w.org\/{rel}","templated":true}]}}