{"id":855,"date":"2015-02-14T06:00:00","date_gmt":"2015-02-14T06:00:00","guid":{"rendered":"http:\/\/plazajuarez.mx\/index\/index.php\/2015\/02\/14\/lucha-entre-carteles-violento-el-norte-de-tamaulipas-osorio-chong\/"},"modified":"2015-02-14T06:00:00","modified_gmt":"2015-02-14T06:00:00","slug":"lucha-entre-carteles-violento-el-norte-de-tamaulipas-osorio-chong","status":"publish","type":"post","link":"https:\/\/plazajuarez.mx\/historico\/lucha-entre-carteles-violento-el-norte-de-tamaulipas-osorio-chong\/","title":{"rendered":"Lucha entre c\u00e1rteles violent\u00f3 el norte de Tamaulipas: Osorio Chong"},"content":{"rendered":"<p style=\"text-align: justify;\"><span style=\"font-size: 10pt; color: #000000;\">M\u00e9xico, D.F.- El secretario de Gobernaci\u00f3n, Miguel \u00c1ngel Osorio Chong, dijo que se est\u00e1 enfrentando el problema de la violencia que arreci\u00f3 en la zona norte de Tamaulipas y confi\u00f3 en que r\u00e1pidamente se regrese la tranquilidad a la regi\u00f3n, en un nivel de &#8220;cero enfrentamientos&#8221;.\u00a0<\/span><\/p>\n<p>  <!--more-->  <\/p>\n<p style=\"text-align: justify;\">\u00a0<\/p>\n<p style=\"text-align: justify;\"><span style=\"font-size: 10pt; color: #000000;\">Se\u00f1al\u00f3 que en la zona centro, sur y costa de la entidad se percibe un avance; pero que en la norte, la disputa entre c\u00e1rteles ha violentado la regi\u00f3n, &#8220;y por supuesto que tampoco habremos de permitir que esto suceda&#8221;. Reiter\u00f3 su respaldo al gobierno estatal y al de Matamoros, donde en \u00faltimas fechas se han registrado varios hechos de violencia.\u00a0<\/span><\/p>\n<p style=\"text-align: justify;\"><span style=\"font-size: 10pt; color: #000000;\">&#8220;Estamos ocupados en el tema, estamos vigilando y actuando, respaldando al estado para resolver el caso espec\u00edfico de Matamoros&#8221;, se\u00f1al\u00f3.<\/span><\/p>\n<p style=\"text-align: justify;\"><span style=\"font-size: 10pt; color: #000000;\">A\u00f1adi\u00f3 que en dicho municipio, los factores que rodean la disputa entre los c\u00e1rteles hacen que se tenga una dificultad adicional. &#8220;S\u00ed decimos, est\u00e1 sucediendo esto y lo estamos enfrentando, vamos a entregar resultados, que es lo m\u00e1s importante&#8221;, agreg\u00f3.\u00a0<\/span><\/p>\n<p style=\"text-align: justify;\"><span style=\"font-size: 10pt; color: #000000;\">En entrevista radiof\u00f3nica, Osorio se\u00f1al\u00f3 que durante su reuni\u00f3n, la alcaldesa de Matamoros le expres\u00f3 preocupaci\u00f3n y le pidi\u00f3 que el gobierno le siga dando todo el apoyo.\u00a0<\/span><\/p>\n<p style=\"text-align: justify;\"><span style=\"font-size: 10pt; color: #000000;\">Sobre las estrategias, se\u00f1al\u00f3 que se cuenta con puntos de revisi\u00f3n, recorridos durante todo el d\u00eda y un operativo para buscar resultados para la poblaci\u00f3n. &#8220;Esperamos regresar r\u00e1pidamente a una circunstancia totalmente diferente (&#8230;) Habremos de regresar a la tranquilidad que est\u00e1bamos alcanzando, a cero el n\u00famero de enfrentamientos&#8221;, expuso.\u00a0 (Agencias)<\/span><\/p>\n","protected":false},"excerpt":{"rendered":"<p>M\u00e9xico, D.F.- El secretario de Gobernaci\u00f3n, Miguel \u00c1ngel Osorio Chong, dijo que se est\u00e1 enfrentando el problema de la violencia que arreci\u00f3 en la zona norte de Tamaulipas y confi\u00f3 en que r\u00e1pidamente se regrese la tranquilidad a la regi\u00f3n, en un nivel de &#8220;cero enfrentamientos&#8221;.\u00a0<\/p>\n","protected":false},"author":93,"featured_media":0,"comment_status":"open","ping_status":"open","sticky":false,"template":"","format":"standard","meta":{"footnotes":""},"categories":[36],"tags":[],"class_list":["post-855","post","type-post","status-publish","format-standard","hentry","category-nacion"],"_links":{"self":[{"href":"https:\/\/plazajuarez.mx\/historico\/wp-json\/wp\/v2\/posts\/855","targetHints":{"allow":["GET"]}}],"collection":[{"href":"https:\/\/plazajuarez.mx\/historico\/wp-json\/wp\/v2\/posts"}],"about":[{"href":"https:\/\/plazajuarez.mx\/historico\/wp-json\/wp\/v2\/types\/post"}],"author":[{"embeddable":true,"href":"https:\/\/plazajuarez.mx\/historico\/wp-json\/wp\/v2\/users\/93"}],"replies":[{"embeddable":true,"href":"https:\/\/plazajuarez.mx\/historico\/wp-json\/wp\/v2\/comments?post=855"}],"version-history":[{"count":0,"href":"https:\/\/plazajuarez.mx\/historico\/wp-json\/wp\/v2\/posts\/855\/revisions"}],"wp:attachment":[{"href":"https:\/\/plazajuarez.mx\/historico\/wp-json\/wp\/v2\/media?parent=855"}],"wp:term":[{"taxonomy":"category","embeddable":true,"href":"https:\/\/plazajuarez.mx\/historico\/wp-json\/wp\/v2\/categories?post=855"},{"taxonomy":"post_tag","embeddable":true,"href":"https:\/\/plazajuarez.mx\/historico\/wp-json\/wp\/v2\/tags?post=855"}],"curies":[{"name":"wp","href":"https:\/\/api.w.org\/{rel}","templated":true}]}}