{"id":85396,"date":"2019-06-17T04:08:34","date_gmt":"2019-06-17T04:08:34","guid":{"rendered":"http:\/\/plazajuarez.mx\/index\/index.php\/2019\/06\/17\/manifestantes-exigen-la-dimision-de-su-lider\/"},"modified":"2019-06-17T04:08:34","modified_gmt":"2019-06-17T04:08:34","slug":"manifestantes-exigen-la-dimision-de-su-lider","status":"publish","type":"post","link":"https:\/\/plazajuarez.mx\/historico\/manifestantes-exigen-la-dimision-de-su-lider\/","title":{"rendered":"Manifestantes exigen la dimisi\u00f3n de su l\u00edder"},"content":{"rendered":"<p>HONG KONG <br \/>\u00a0\u00a0 \u00a0\u2022\u00a0\u00a0 \u00a0Luego de que Carrie Lam retras\u00f3 indefinidamente el proyecto de ley de extradici\u00f3n a China, los habitantes de Hong Kong exigieron la renuncia de la gobernante\u2028<\/p>\n<p>  <!--more-->  <\/p>\n<p>Cientos de miles de personas vestidas de negro llenaron el domingo las calles del centro de Hong Kong para exigir la renuncia de su l\u00edder, un d\u00eda despu\u00e9s de suspender un proyecto de ley que habr\u00eda permitido extradiciones a China continental.<br \/>En la multitudinaria concentraci\u00f3n, algunos manifestantes llevaban claveles blancos, mientras que otros portaban pancartas en las que se le\u00eda &#8220;No disparen, somos hongkoneses&#8221;, en un intento por evitar que se repitiera la violencia que sacudi\u00f3 el centro financiero el mi\u00e9rcoles, cuando la polic\u00eda dispar\u00f3 balas de goma y gas lacrim\u00f3geno. <br \/>Los manifestantes, entre ellos ancianos, repletaron el centro financiero de Hong Kong para expresar su frustraci\u00f3n contra la l\u00edder, Carrie Lam.<br \/>El s\u00e1bado, Lam, una dirigente pol\u00edtica apoyada por Pek\u00edn, retras\u00f3 indefinidamente el proyecto de ley de extradici\u00f3n que podr\u00eda enviar a personas a China continental para ser juzgadas, expresando su &#8220;profunda tristeza y pesar&#8221;. <br \/>El giro de 180 grados de Lam supone uno de los cambios pol\u00edticos m\u00e1s significativos en Hong Kong desde que Reino Unido devolvi\u00f3 el territorio a China en 1997, y puso en tela de juicio la capacidad de la dirigente para seguir al frente de la regi\u00f3n. <br \/>\u201cCarrie Lam se neg\u00f3 a disculparse ayer. Es inaceptable\u201d, dijo Catherine Cheung, una estudiante de 16 a\u00f1os. &#8220;Es una l\u00edder terrible (&#8230;) Creo que s\u00f3lo est\u00e1 retrasando el proyecto de ley para que nos calmemos&#8221;. <br \/>DISCULPAS <br \/>Horas m\u00e1s tarde de que se iniciaran las protestas del domingo, Lam pidi\u00f3 disculpas, cediendo a la presi\u00f3n de los cientos de miles de personas que se han manifestado en las calles.<br \/>Un portavoz del Gobierno hongkon\u00e9s dijo que la mala elaboraci\u00f3n del proyecto de ley ha ocasionado &#8220;graves disputas en la sociedad, causando desilusi\u00f3n y dolor&#8221;. Lam &#8220;pidi\u00f3 disculpas al pueblo de Hong Kong por ello y se comprometi\u00f3 a adoptar la actitud m\u00e1s honesta y humilde para aceptar las cr\u00edticas&#8221;. <\/p>\n","protected":false},"excerpt":{"rendered":"<p>HONG KONG \u00a0\u00a0 \u00a0\u2022\u00a0\u00a0 \u00a0Luego de que Carrie Lam retras\u00f3 indefinidamente el proyecto de ley de extradici\u00f3n a China, los habitantes de Hong Kong exigieron la renuncia de la gobernante\u2028<\/p>\n","protected":false},"author":93,"featured_media":0,"comment_status":"open","ping_status":"open","sticky":false,"template":"","format":"standard","meta":{"footnotes":""},"categories":[31],"tags":[],"class_list":["post-85396","post","type-post","status-publish","format-standard","hentry","category-orbe"],"_links":{"self":[{"href":"https:\/\/plazajuarez.mx\/historico\/wp-json\/wp\/v2\/posts\/85396","targetHints":{"allow":["GET"]}}],"collection":[{"href":"https:\/\/plazajuarez.mx\/historico\/wp-json\/wp\/v2\/posts"}],"about":[{"href":"https:\/\/plazajuarez.mx\/historico\/wp-json\/wp\/v2\/types\/post"}],"author":[{"embeddable":true,"href":"https:\/\/plazajuarez.mx\/historico\/wp-json\/wp\/v2\/users\/93"}],"replies":[{"embeddable":true,"href":"https:\/\/plazajuarez.mx\/historico\/wp-json\/wp\/v2\/comments?post=85396"}],"version-history":[{"count":0,"href":"https:\/\/plazajuarez.mx\/historico\/wp-json\/wp\/v2\/posts\/85396\/revisions"}],"wp:attachment":[{"href":"https:\/\/plazajuarez.mx\/historico\/wp-json\/wp\/v2\/media?parent=85396"}],"wp:term":[{"taxonomy":"category","embeddable":true,"href":"https:\/\/plazajuarez.mx\/historico\/wp-json\/wp\/v2\/categories?post=85396"},{"taxonomy":"post_tag","embeddable":true,"href":"https:\/\/plazajuarez.mx\/historico\/wp-json\/wp\/v2\/tags?post=85396"}],"curies":[{"name":"wp","href":"https:\/\/api.w.org\/{rel}","templated":true}]}}