{"id":853,"date":"2015-02-14T06:00:00","date_gmt":"2015-02-14T06:00:00","guid":{"rendered":"http:\/\/plazajuarez.mx\/index\/index.php\/2015\/02\/14\/ai-senal-de-alerta-llamado-de-la-onu-sobre-desapariciones-forzadas\/"},"modified":"2015-02-14T06:00:00","modified_gmt":"2015-02-14T06:00:00","slug":"ai-senal-de-alerta-llamado-de-la-onu-sobre-desapariciones-forzadas","status":"publish","type":"post","link":"https:\/\/plazajuarez.mx\/historico\/ai-senal-de-alerta-llamado-de-la-onu-sobre-desapariciones-forzadas\/","title":{"rendered":"AI: \u201cse\u00f1al de alerta\u201d, llamado de la ONU sobre desapariciones forzadas"},"content":{"rendered":"<p style=\"text-align: justify;\"><span style=\"font-size: 10pt; color: #000000;\">Ginebra.- Amnist\u00eda Internacional (AI) indic\u00f3 que la petici\u00f3n de la ONU a M\u00e9xico de \u201credoblar sus esfuerzos\u201d ante las desapariciones \u201cgeneralizadas\u201d, se trata de &#8220;una se\u00f1al de alerta sobre la tr\u00e1gica desaparici\u00f3n de miles de personas&#8221; en el pa\u00eds. &#8220;Son m\u00e1s de 22 mil 600 los casos de personas desaparecidas o en paradero desconocido que se han dado en M\u00e9xico en los \u00faltimos 20 a\u00f1os&#8221;, indic\u00f3 la directora de AI para Am\u00e9rica, Erika Guevara Rosas, en un comunicado.\u00a0<\/span><\/p>\n<p>  <!--more-->  <\/p>\n<p style=\"text-align: justify;\">\u00a0<\/p>\n<p style=\"text-align: justify;\"><span style=\"font-size: 10pt; color: #000000;\">&#8220;Las recomendaciones del gobierno mexicano no pueden ser simples palabras huecas, sino que deben dar lugar a un cambio tangible y urgente en las pol\u00edticas y las leyes para abordar esta situaci\u00f3n cr\u00f3nica. Es hora de que las autoridades respondan a esta tragedia&#8221;. (Agencias)<\/span><\/p>\n","protected":false},"excerpt":{"rendered":"<p>Ginebra.- Amnist\u00eda Internacional (AI) indic\u00f3 que la petici\u00f3n de la ONU a M\u00e9xico de \u201credoblar sus esfuerzos\u201d ante las desapariciones \u201cgeneralizadas\u201d, se trata de &#8220;una se\u00f1al de alerta sobre la tr\u00e1gica desaparici\u00f3n de miles de personas&#8221; en el pa\u00eds. &#8220;Son m\u00e1s de 22 mil 600 los casos de personas desaparecidas o en paradero desconocido que [&hellip;]<\/p>\n","protected":false},"author":93,"featured_media":0,"comment_status":"open","ping_status":"open","sticky":false,"template":"","format":"standard","meta":{"footnotes":""},"categories":[36],"tags":[],"class_list":["post-853","post","type-post","status-publish","format-standard","hentry","category-nacion"],"_links":{"self":[{"href":"https:\/\/plazajuarez.mx\/historico\/wp-json\/wp\/v2\/posts\/853","targetHints":{"allow":["GET"]}}],"collection":[{"href":"https:\/\/plazajuarez.mx\/historico\/wp-json\/wp\/v2\/posts"}],"about":[{"href":"https:\/\/plazajuarez.mx\/historico\/wp-json\/wp\/v2\/types\/post"}],"author":[{"embeddable":true,"href":"https:\/\/plazajuarez.mx\/historico\/wp-json\/wp\/v2\/users\/93"}],"replies":[{"embeddable":true,"href":"https:\/\/plazajuarez.mx\/historico\/wp-json\/wp\/v2\/comments?post=853"}],"version-history":[{"count":0,"href":"https:\/\/plazajuarez.mx\/historico\/wp-json\/wp\/v2\/posts\/853\/revisions"}],"wp:attachment":[{"href":"https:\/\/plazajuarez.mx\/historico\/wp-json\/wp\/v2\/media?parent=853"}],"wp:term":[{"taxonomy":"category","embeddable":true,"href":"https:\/\/plazajuarez.mx\/historico\/wp-json\/wp\/v2\/categories?post=853"},{"taxonomy":"post_tag","embeddable":true,"href":"https:\/\/plazajuarez.mx\/historico\/wp-json\/wp\/v2\/tags?post=853"}],"curies":[{"name":"wp","href":"https:\/\/api.w.org\/{rel}","templated":true}]}}