{"id":852,"date":"2015-02-14T06:00:00","date_gmt":"2015-02-14T06:00:00","guid":{"rendered":"http:\/\/plazajuarez.mx\/index\/index.php\/2015\/02\/14\/aplaude-cndh-recomendaciones-de-la-onu-contra-desapariciones-forzadas\/"},"modified":"2015-02-14T06:00:00","modified_gmt":"2015-02-14T06:00:00","slug":"aplaude-cndh-recomendaciones-de-la-onu-contra-desapariciones-forzadas","status":"publish","type":"post","link":"https:\/\/plazajuarez.mx\/historico\/aplaude-cndh-recomendaciones-de-la-onu-contra-desapariciones-forzadas\/","title":{"rendered":"Aplaude CNDH recomendaciones de la ONU contra desapariciones forzadas"},"content":{"rendered":"<p style=\"text-align: justify;\"><span style=\"font-size: 10pt; color: #000000;\">M\u00e9xico, D.F.- La Comisi\u00f3n Nacional de los Derechos Humanos (CNDH) salud\u00f3 las observaciones finales dadas a conocer por el Comit\u00e9 contra la Desaparici\u00f3n Forzada de Naciones Unidas (CED, por sus siglas en ingl\u00e9s), en la ciudad de Ginebra, sobre el informe presentado por M\u00e9xico a principios de febrero, pues su adopci\u00f3n e implementaci\u00f3n representar\u00eda la posibilidad de lograr avances en el combate a ese lacerante problema.\u00a0<\/span><\/p>\n<p>  <!--more-->  <\/p>\n<p style=\"text-align: justify;\">\u00a0<\/p>\n<p style=\"text-align: justify;\"><span style=\"font-size: 10pt; color: #000000;\">En un comunicado, la organizaci\u00f3n subray\u00f3 que las observaciones del comit\u00e9 son coincidentes, en lo esencial, con las consideraciones y propuestas que el ombudsman nacional, Luis Ra\u00fal Gonz\u00e1lez P\u00e9rez, present\u00f3 a ese \u00f3rgano internacional, en d\u00edas pasados, en Ginebra, Suiza. (Agencias)<\/span><\/p>\n","protected":false},"excerpt":{"rendered":"<p>M\u00e9xico, D.F.- La Comisi\u00f3n Nacional de los Derechos Humanos (CNDH) salud\u00f3 las observaciones finales dadas a conocer por el Comit\u00e9 contra la Desaparici\u00f3n Forzada de Naciones Unidas (CED, por sus siglas en ingl\u00e9s), en la ciudad de Ginebra, sobre el informe presentado por M\u00e9xico a principios de febrero, pues su adopci\u00f3n e implementaci\u00f3n representar\u00eda la [&hellip;]<\/p>\n","protected":false},"author":93,"featured_media":0,"comment_status":"open","ping_status":"open","sticky":false,"template":"","format":"standard","meta":{"footnotes":""},"categories":[36],"tags":[],"class_list":["post-852","post","type-post","status-publish","format-standard","hentry","category-nacion"],"_links":{"self":[{"href":"https:\/\/plazajuarez.mx\/historico\/wp-json\/wp\/v2\/posts\/852","targetHints":{"allow":["GET"]}}],"collection":[{"href":"https:\/\/plazajuarez.mx\/historico\/wp-json\/wp\/v2\/posts"}],"about":[{"href":"https:\/\/plazajuarez.mx\/historico\/wp-json\/wp\/v2\/types\/post"}],"author":[{"embeddable":true,"href":"https:\/\/plazajuarez.mx\/historico\/wp-json\/wp\/v2\/users\/93"}],"replies":[{"embeddable":true,"href":"https:\/\/plazajuarez.mx\/historico\/wp-json\/wp\/v2\/comments?post=852"}],"version-history":[{"count":0,"href":"https:\/\/plazajuarez.mx\/historico\/wp-json\/wp\/v2\/posts\/852\/revisions"}],"wp:attachment":[{"href":"https:\/\/plazajuarez.mx\/historico\/wp-json\/wp\/v2\/media?parent=852"}],"wp:term":[{"taxonomy":"category","embeddable":true,"href":"https:\/\/plazajuarez.mx\/historico\/wp-json\/wp\/v2\/categories?post=852"},{"taxonomy":"post_tag","embeddable":true,"href":"https:\/\/plazajuarez.mx\/historico\/wp-json\/wp\/v2\/tags?post=852"}],"curies":[{"name":"wp","href":"https:\/\/api.w.org\/{rel}","templated":true}]}}