{"id":851,"date":"2015-02-14T06:00:00","date_gmt":"2015-02-14T06:00:00","guid":{"rendered":"http:\/\/plazajuarez.mx\/index\/index.php\/2015\/02\/14\/informe-de-onu-no-refleja-datos-aportados-por-mexico-gobierno\/"},"modified":"2015-02-14T06:00:00","modified_gmt":"2015-02-14T06:00:00","slug":"informe-de-onu-no-refleja-datos-aportados-por-mexico-gobierno","status":"publish","type":"post","link":"https:\/\/plazajuarez.mx\/historico\/informe-de-onu-no-refleja-datos-aportados-por-mexico-gobierno\/","title":{"rendered":"Informe de ONU no refleja datos aportados por M\u00e9xico: gobierno"},"content":{"rendered":"<p style=\"text-align: justify;\"><span style=\"font-size: 10pt; color: #000000;\">M\u00e9xico, D.F.- El gobierno mexicano expres\u00f3 que el informe de la ONU sobre desapariciones forzadas presentado este viernes no refleja las acciones emprendidas por el Estado en este rubro.\u00a0<\/span><\/p>\n<p>  <!--more-->  <\/p>\n<p style=\"text-align: justify;\">\u00a0<\/p>\n<p style=\"text-align: justify;\"><span style=\"font-size: 10pt; color: #000000;\">En un comunicado conjunto, la Secretar\u00eda de Gobernaci\u00f3n y la Relaciones Exteriores explicaron que estas recomendaciones tampoco aportan elementos para reforzar acciones y compromisos. &#8220;Las recomendaciones emitidas por el Comit\u00e9 no reflejan adecuadamente la informaci\u00f3n presentada por M\u00e9xico ni aportan elementos adicionales que refuercen las acciones y compromisos que se llevan a cabo para solventar los retos mencionados&#8221;, se lee en la nota de prensa. \u00a0(Agencias)<\/span><\/p>\n","protected":false},"excerpt":{"rendered":"<p>M\u00e9xico, D.F.- El gobierno mexicano expres\u00f3 que el informe de la ONU sobre desapariciones forzadas presentado este viernes no refleja las acciones emprendidas por el Estado en este rubro.\u00a0<\/p>\n","protected":false},"author":93,"featured_media":0,"comment_status":"open","ping_status":"open","sticky":false,"template":"","format":"standard","meta":{"footnotes":""},"categories":[36],"tags":[],"class_list":["post-851","post","type-post","status-publish","format-standard","hentry","category-nacion"],"_links":{"self":[{"href":"https:\/\/plazajuarez.mx\/historico\/wp-json\/wp\/v2\/posts\/851","targetHints":{"allow":["GET"]}}],"collection":[{"href":"https:\/\/plazajuarez.mx\/historico\/wp-json\/wp\/v2\/posts"}],"about":[{"href":"https:\/\/plazajuarez.mx\/historico\/wp-json\/wp\/v2\/types\/post"}],"author":[{"embeddable":true,"href":"https:\/\/plazajuarez.mx\/historico\/wp-json\/wp\/v2\/users\/93"}],"replies":[{"embeddable":true,"href":"https:\/\/plazajuarez.mx\/historico\/wp-json\/wp\/v2\/comments?post=851"}],"version-history":[{"count":0,"href":"https:\/\/plazajuarez.mx\/historico\/wp-json\/wp\/v2\/posts\/851\/revisions"}],"wp:attachment":[{"href":"https:\/\/plazajuarez.mx\/historico\/wp-json\/wp\/v2\/media?parent=851"}],"wp:term":[{"taxonomy":"category","embeddable":true,"href":"https:\/\/plazajuarez.mx\/historico\/wp-json\/wp\/v2\/categories?post=851"},{"taxonomy":"post_tag","embeddable":true,"href":"https:\/\/plazajuarez.mx\/historico\/wp-json\/wp\/v2\/tags?post=851"}],"curies":[{"name":"wp","href":"https:\/\/api.w.org\/{rel}","templated":true}]}}