{"id":83673,"date":"2019-05-16T16:33:22","date_gmt":"2019-05-16T16:33:22","guid":{"rendered":"http:\/\/plazajuarez.mx\/index\/index.php\/2019\/05\/16\/sep-suspende-todas-las-evaluaciones-magisteriales\/"},"modified":"2019-05-16T16:33:22","modified_gmt":"2019-05-16T16:33:22","slug":"sep-suspende-todas-las-evaluaciones-magisteriales","status":"publish","type":"post","link":"https:\/\/plazajuarez.mx\/historico\/sep-suspende-todas-las-evaluaciones-magisteriales\/","title":{"rendered":"SEP suspende todas las evaluaciones magisteriales"},"content":{"rendered":"<p class=\"titulo\" style=\"text-align: justify;\">A partir de hoy quedar\u00e1n suspendidas todas las evaluaciones magisteriales, dio a conocer la Secretar\u00eda de Educaci\u00f3n P\u00fablica (SEP).<\/p>\n<p>  <!--more-->  <\/p>\n<p class=\"titulo\" style=\"text-align: justify;\">Tras la publicaci\u00f3n en el Diario Oficial de la Federaci\u00f3n del decreto sobre la nueva reforma educativa, llamada por el gobierno federal &#8220;Acuerdo Educativo Nacional&#8221;, se suspenden todas las evaluaciones y disposiciones de la Ley General del Servicio Profesional Docente.<\/p>\n<p class=\"titulo\" style=\"text-align: justify;\">&#8220;Quedan suspendidos, adem\u00e1s, los procesos de admisi\u00f3n, promoci\u00f3n y reconocimiento hasta que se emitan las disposiciones legales correspondientes y, el Congreso de la Uni\u00f3n expida la ley para la creaci\u00f3n del Sistema para la Carrera de las Maestras y los Maestros&#8221;, dijo la dependencia.<\/p>\n<p class=\"titulo\" style=\"text-align: justify;\">Las leyes secundarias, reglamentos, acuerdos y disposiciones de car\u00e1cter general contrarias a la nueva reforma educativa. Solo quedar\u00e1n vigentes las facultades de la actual Coordinaci\u00f3n Nacional del Servicio Profesional Docente para proveer las medidas necesarias y dar cumplimiento a los procesos derivados del Servicio Profesional Docente.<\/p>\n<p class=\"titulo\" style=\"text-align: justify;\">&#8220;En la aplicaci\u00f3n de este Decreto se respetar\u00e1n los derechos adquiridos de las maestras y los maestros, los cuales no podr\u00e1n ser restringidos o afectados de manera retroactiva con las disposiciones de nueva creaci\u00f3n&#8221;.<\/p>\n<p class=\"titulo\" style=\"text-align: justify;\">La SEP, a trav\u00e9s de la Coordinaci\u00f3n Nacional del Servicio Profesional Docente estar\u00e1 atenta a recibir cualquier informaci\u00f3n para garantizar el pleno cumplimiento del Decreto y avanzar en la implementaci\u00f3n del Acuerdo Educativo Nacional.<\/p>\n","protected":false},"excerpt":{"rendered":"<p>A partir de hoy quedar\u00e1n suspendidas todas las evaluaciones magisteriales, dio a conocer la Secretar\u00eda de Educaci\u00f3n P\u00fablica (SEP).<\/p>\n","protected":false},"author":1,"featured_media":0,"comment_status":"open","ping_status":"open","sticky":false,"template":"","format":"standard","meta":{"footnotes":""},"categories":[36],"tags":[],"class_list":["post-83673","post","type-post","status-publish","format-standard","hentry","category-nacion"],"_links":{"self":[{"href":"https:\/\/plazajuarez.mx\/historico\/wp-json\/wp\/v2\/posts\/83673","targetHints":{"allow":["GET"]}}],"collection":[{"href":"https:\/\/plazajuarez.mx\/historico\/wp-json\/wp\/v2\/posts"}],"about":[{"href":"https:\/\/plazajuarez.mx\/historico\/wp-json\/wp\/v2\/types\/post"}],"author":[{"embeddable":true,"href":"https:\/\/plazajuarez.mx\/historico\/wp-json\/wp\/v2\/users\/1"}],"replies":[{"embeddable":true,"href":"https:\/\/plazajuarez.mx\/historico\/wp-json\/wp\/v2\/comments?post=83673"}],"version-history":[{"count":0,"href":"https:\/\/plazajuarez.mx\/historico\/wp-json\/wp\/v2\/posts\/83673\/revisions"}],"wp:attachment":[{"href":"https:\/\/plazajuarez.mx\/historico\/wp-json\/wp\/v2\/media?parent=83673"}],"wp:term":[{"taxonomy":"category","embeddable":true,"href":"https:\/\/plazajuarez.mx\/historico\/wp-json\/wp\/v2\/categories?post=83673"},{"taxonomy":"post_tag","embeddable":true,"href":"https:\/\/plazajuarez.mx\/historico\/wp-json\/wp\/v2\/tags?post=83673"}],"curies":[{"name":"wp","href":"https:\/\/api.w.org\/{rel}","templated":true}]}}