{"id":83671,"date":"2019-05-16T16:15:08","date_gmt":"2019-05-16T16:15:08","guid":{"rendered":"http:\/\/plazajuarez.mx\/index\/index.php\/2019\/05\/16\/viaja-amlo-a-nuevo-leon-firmara-convenio-con-el-bronco\/"},"modified":"2019-05-16T16:15:08","modified_gmt":"2019-05-16T16:15:08","slug":"viaja-amlo-a-nuevo-leon-firmara-convenio-con-el-bronco","status":"publish","type":"post","link":"https:\/\/plazajuarez.mx\/historico\/viaja-amlo-a-nuevo-leon-firmara-convenio-con-el-bronco\/","title":{"rendered":"Viaja AMLO a Nuevo Le\u00f3n; firmar\u00e1 convenio con &#8220;El Bronco&#8221;"},"content":{"rendered":"<p style=\"text-align: justify;\"><span style=\"font-weight: 400;\">El mandatario viaja acompa\u00f1ado por el secretario de Comunicaciones y Transportes, Javier Jim\u00e9nez Espri\u00fa.<\/span><\/p>\n<p>  <!--more-->  <\/p>\n<p style=\"text-align: justify;\"><span style=\"font-weight: 400;\">El presidente Andr\u00e9s Manuel L\u00f3pez Obrador se alista para viajar en vuelo comercial a Monterrey, Nuevo Le\u00f3n, donde suscribir\u00e1 un convenio de colaboraci\u00f3n con el gobernador Jaime Rodr\u00edguez Calder\u00f3n, &#8220;El Bronco&#8221;.<\/span><\/p>\n<p style=\"text-align: justify;\"><span style=\"font-weight: 400;\">Se trata de un convenio para fortalecer el Sistema Integral de Movilidad Metropolitana que ser\u00e1 suscrito en el Palacio de Gobierno, por ambas autoridades.<\/span><\/p>\n<p style=\"text-align: justify;\"><span style=\"font-weight: 400;\">El mandatario viaja acompa\u00f1ado por el secretario de Comunicaciones y Transportes, Javier Jim\u00e9nez Espri\u00fa.<\/span><\/p>\n<p style=\"text-align: justify;\"><span style=\"font-weight: 400;\">En entrevista, en la terminal a\u00e9rea n\u00famero uno, el titular de SCT explic\u00f3 que el objetivo del convenio es aprovechar las v\u00edas y el derecho de v\u00edas de trenes qu\u00e9 hay dentro de la ciudad de Monterrey.<\/span><\/p>\n<p style=\"text-align: justify;\"><span style=\"font-weight: 400;\">&#8220;Para incorporar el transporte p\u00fablico en esas v\u00edas, ser\u00e1n para el transporte de pasajeros, se trata de un proyecto de un tren del aeropuerto de Monterrey al municipio de los Garza, pasando por varias partes&#8221;, dijo.<\/span><\/p>\n<p>\u00a0<\/p>\n","protected":false},"excerpt":{"rendered":"<p>El mandatario viaja acompa\u00f1ado por el secretario de Comunicaciones y Transportes, Javier Jim\u00e9nez Espri\u00fa.<\/p>\n","protected":false},"author":1,"featured_media":0,"comment_status":"open","ping_status":"open","sticky":false,"template":"","format":"standard","meta":{"footnotes":""},"categories":[36],"tags":[],"class_list":["post-83671","post","type-post","status-publish","format-standard","hentry","category-nacion"],"_links":{"self":[{"href":"https:\/\/plazajuarez.mx\/historico\/wp-json\/wp\/v2\/posts\/83671","targetHints":{"allow":["GET"]}}],"collection":[{"href":"https:\/\/plazajuarez.mx\/historico\/wp-json\/wp\/v2\/posts"}],"about":[{"href":"https:\/\/plazajuarez.mx\/historico\/wp-json\/wp\/v2\/types\/post"}],"author":[{"embeddable":true,"href":"https:\/\/plazajuarez.mx\/historico\/wp-json\/wp\/v2\/users\/1"}],"replies":[{"embeddable":true,"href":"https:\/\/plazajuarez.mx\/historico\/wp-json\/wp\/v2\/comments?post=83671"}],"version-history":[{"count":0,"href":"https:\/\/plazajuarez.mx\/historico\/wp-json\/wp\/v2\/posts\/83671\/revisions"}],"wp:attachment":[{"href":"https:\/\/plazajuarez.mx\/historico\/wp-json\/wp\/v2\/media?parent=83671"}],"wp:term":[{"taxonomy":"category","embeddable":true,"href":"https:\/\/plazajuarez.mx\/historico\/wp-json\/wp\/v2\/categories?post=83671"},{"taxonomy":"post_tag","embeddable":true,"href":"https:\/\/plazajuarez.mx\/historico\/wp-json\/wp\/v2\/tags?post=83671"}],"curies":[{"name":"wp","href":"https:\/\/api.w.org\/{rel}","templated":true}]}}