{"id":83667,"date":"2019-05-16T14:07:18","date_gmt":"2019-05-16T14:07:18","guid":{"rendered":"http:\/\/plazajuarez.mx\/index\/index.php\/2019\/05\/16\/alfil-negro-1450\/"},"modified":"2019-05-16T14:07:18","modified_gmt":"2019-05-16T14:07:18","slug":"alfil-negro-1450","status":"publish","type":"post","link":"https:\/\/plazajuarez.mx\/historico\/alfil-negro-1450\/","title":{"rendered":"ALFIL NEGRO"},"content":{"rendered":"<p>FUERON\u2026 YA NO SON<\/p>\n<p>  <!--more-->  <\/p>\n<p>Pese a que los pol\u00edticos son de existencias y permanencias especiales, pues nunca se les debe dar por muertos, porque cuando se piensa que dejaron de ser y que ya est\u00e1n listos para la ofrenda, sucede que de pronto vuelven a aparecer en la escena en actos de verdadera magia, retando al tiempo y a la l\u00f3gica, eso es algo que tienen para no dejar de ser aunque ya tengan una losa encima con una cruz y epitafio, en que se les desea descanso eterno. \u00a0<\/p>\n<p>Nunca se debe dar por muerto a un pol\u00edtico, porque nunca lo est\u00e1n.<\/p>\n<p>Pueden caer en desgracia y ver c\u00f3mo se les alejan los reflectores y caminan casi en las tinieblas, pero mantienen la esperanza de encontrar la voz que los vuelva a la vida.<\/p>\n<p>Sin embargo, su presencia real y efectiva en el mundo de los pol\u00edticos se constri\u00f1e al tiempo de su camino y no hay de otra.<\/p>\n<p>Como dec\u00eda un ex gobernador ya fallecido: &#8220;el que respira, aspira&#8221;, o lo que es lo mismo: &#8220;mientras hay vida, hay esperanza&#8221;. Y ya concluyendo, se puede decir que el tiempo y la edad son los verdaderos enemigos de quienes se dedican a la pol\u00edtica, porque llega un momento en que se pueden tener ganas de seguir, pero ya no se puede. Otra de las causas de la extinci\u00f3n de un pol\u00edtico, puede ser, querer ser m\u00e1s de lo que la vida y la oportunidad, le ofrecen y siempre de acuerdo a sus cualidades. Y en el error m\u00e1s grave, confrontarse con quien tiene el poder fuerte, en un acto de soberbia, en que el menor piensa que es m\u00e1s alto y m\u00e1s fuerte que su jefe.<\/p>\n<p>En Hidalgo hay de estos ejemplares que fueron Fuertes y gente de poder y que ahora parece que se alejan, que se desvanecen en esa justicia del tiempo en que : fueron&#8230; pero ya no son.<\/p>\n<p>\u00bfComo qui\u00e9nes?, se preguntar\u00e1 usted. <\/p>\n<p>Como GERARDO SOSA, al que el tiempo y errores de valorizaci\u00f3n exagerada del propio peso parece que lo llevaron a enfrentarse con decisiones presidenciales sobre la corrupci\u00f3n, adem\u00e1s de \u00a0abusos que le crearon facturas muy pesadas e hist\u00f3ricas que m\u00e1s temprano que tarde se pagan . La decisi\u00f3n de hoy en la Unidad de Inteligencia\u00a0 Financiera de Hacienda significa mucho, pero se decida lo que se decida, la ca\u00edda de Sosa y su Grupo est\u00e1 en marcha .<\/p>\n<p>Junto con Sosa est\u00e1n, por lo menos eso se ve, en el tobog\u00e1n del fin, sus incondicionales, que han sabido hacer de la obediencia ciega el mejor de los negocios.<\/p>\n<p>CIPRIANO CHARREZ. Se eclipsa su sol de abusos en supuestas gestor\u00edas en favor de los m\u00e1s necesitados, que le dieron la oportunidad de forjar una presencia fuerte y de cuidado, sobre todo en las dependencias oficiales donde hizo valer sus caprichos con buena cosecha de dinero y de poder .Bast\u00f3 una acci\u00f3n de terrible deshumanizaci\u00f3n, dejando morir a un joven como resultado de un accidente que con las pruebas que se tienen se presume \u00a0\u00e9l provoc\u00f3 y todo se acab\u00f3. Junto con CHARREZ empiezan a eclipsarse los soles de otros poderosos personajes del Mezquital. De un momento a otro Ra\u00fal Arroyo iniciar\u00e1 la acci\u00f3n de la justicia y adi\u00f3s CHARREZ .<\/p>\n<p>ARTURO APARICIO. Es un personaje que se supon\u00eda ido, pero que da patadas de ahogado aferrado a lo que fue, ya no es, ni ser\u00e1. La proximidad \u00a0de elecciones le provoc\u00f3 la tentaci\u00f3n del negocio con candidaturas y campa\u00f1as. Todo indica que ya no ser\u00e1 igual que antes, porque la gallina de los huevos \u00a0de oro que era el PT para \u00e9l, hace rato que es caldo de gallina para otros cocineros .<\/p>\n<p>PRIISTAS. Son muchos los que fueron y ya no son y que buscan con el poder que les queda recuperar lo perdido o cobrar venganza, as\u00ed tengan que vender su alma a otro partido, que si es Morena mucho mejor.<\/p>\n<p>Puede usted poner los nombres de quienes hace algunos a\u00f1os eran los meros, meros y con las propuestas nuevas de Fayad se fueron y ya no son.<\/p>\n<p>LOS GESTORES. Se van, y por mucho tiempo quienes con el cuento de ser gestores por los pobres hicieron de esto una mina de oro\u2026 Obrador los puso quietos, pues cancel\u00f3 el dinero que se les daba en obras o en monedas, y ahora, dijo el Presidente, todo ser\u00e1 directo \u00a0\u00a0Y nada de manos intermediarias que hac\u00edan su agosto con estas acciones en favor de los pobres ,que terminaban por ser en su favor.<\/p>\n<p>Sufren y aunque intenten patalear con manifestaciones y plantones, poco logran Antorchistas y Untistas: Martha L\u00f3pez y Guadalupe Orona, pero son otros tiempos en que el chantaje y la amenaza de nada servir\u00e1n.<\/p>\n<p>Fueron, pero ya no son. Su luz se apaga, cambiaron las reglas. <\/p>\n<p>Sin embargo, no los d\u00e9 por muertos, porque aunque est\u00e9n rodeados de cuatro cirios y en un ata\u00fad, puede que s\u00f3lo est\u00e9n en el Actus Mortis de Kalim\u00e1n y de pronto se levanten como si nada.<\/p>\n<p>Son capaces&#8230;<\/p>\n","protected":false},"excerpt":{"rendered":"<p>FUERON\u2026 YA NO SON<\/p>\n","protected":false},"author":93,"featured_media":0,"comment_status":"open","ping_status":"open","sticky":false,"template":"","format":"standard","meta":{"footnotes":""},"categories":[48],"tags":[],"class_list":["post-83667","post","type-post","status-publish","format-standard","hentry","category-adalberto-peralta"],"_links":{"self":[{"href":"https:\/\/plazajuarez.mx\/historico\/wp-json\/wp\/v2\/posts\/83667","targetHints":{"allow":["GET"]}}],"collection":[{"href":"https:\/\/plazajuarez.mx\/historico\/wp-json\/wp\/v2\/posts"}],"about":[{"href":"https:\/\/plazajuarez.mx\/historico\/wp-json\/wp\/v2\/types\/post"}],"author":[{"embeddable":true,"href":"https:\/\/plazajuarez.mx\/historico\/wp-json\/wp\/v2\/users\/93"}],"replies":[{"embeddable":true,"href":"https:\/\/plazajuarez.mx\/historico\/wp-json\/wp\/v2\/comments?post=83667"}],"version-history":[{"count":0,"href":"https:\/\/plazajuarez.mx\/historico\/wp-json\/wp\/v2\/posts\/83667\/revisions"}],"wp:attachment":[{"href":"https:\/\/plazajuarez.mx\/historico\/wp-json\/wp\/v2\/media?parent=83667"}],"wp:term":[{"taxonomy":"category","embeddable":true,"href":"https:\/\/plazajuarez.mx\/historico\/wp-json\/wp\/v2\/categories?post=83667"},{"taxonomy":"post_tag","embeddable":true,"href":"https:\/\/plazajuarez.mx\/historico\/wp-json\/wp\/v2\/tags?post=83667"}],"curies":[{"name":"wp","href":"https:\/\/api.w.org\/{rel}","templated":true}]}}