{"id":83660,"date":"2019-05-16T13:53:49","date_gmt":"2019-05-16T13:53:49","guid":{"rendered":"http:\/\/plazajuarez.mx\/index\/index.php\/2019\/05\/16\/mexico-protege-a-diputado-opositor-venezolano\/"},"modified":"2019-05-16T13:53:49","modified_gmt":"2019-05-16T13:53:49","slug":"mexico-protege-a-diputado-opositor-venezolano","status":"publish","type":"post","link":"https:\/\/plazajuarez.mx\/historico\/mexico-protege-a-diputado-opositor-venezolano\/","title":{"rendered":"M\u00e9xico protege a diputado opositor venezolano"},"content":{"rendered":"<p>Se refugi\u00f3 en la embajada de M\u00e9xico en Caracas<\/p>\n<p>\u00a0\u00a0 \u00a0\u2022\u00a0\u00a0 \u00a0La SRE inform\u00f3 en un comunicado que resguarda a Franco Manuel Casella Lovaton\u2028<\/p>\n<p>  <!--more-->  <\/p>\n<p>\u201cM\u00e9xico mantendr\u00e1 su tradici\u00f3n en favor del derecho de asilo\u201d<br \/>La canciller\u00eda mexicana reiter\u00f3 la noche del martes que, frente a la crisis venezolana, M\u00e9xico apuesta por la \u201cno intervenci\u00f3n\u201d y aboga por el di\u00e1logo entre las partes en conflicto para \u201cencontrar una salida democr\u00e1tica, pac\u00edfica y dialogada\u201d a la situaci\u00f3n por la que atraviesa la naci\u00f3n sudamericana. <br \/>El secretario de Relaciones Exteriores, Marcelo Luis Ebrard Casaub\u00f3n tuite\u00f3: \u201cM\u00e9xico mantendr\u00e1 su tradici\u00f3n en favor del derecho de asilo, por ello se recibi\u00f3 al diputado Franco Manuel Casella en nuestra embajada en Caracas\u201d. <br \/>El gobierno de M\u00e9xico, de Andr\u00e9s Manuel L\u00f3pez Obrador reitera que reconoce como gobernante a Nicol\u00e1s Maduro. <br \/>Sin embargo, la SRE manifest\u00f3 de nueva cuenta su \u201cpreocupaci\u00f3n por la situaci\u00f3n de los derechos humanos, el derecho al debido proceso y la inviolabilidad de la inmunidad parlamentaria en Venezuela, en especial de los integrantes de la Asamblea Nacional del pa\u00eds sudamericano\u201d. <br \/>Casella Lovaton fue uno de los cinco legisladores a los que la Asamblea Nacional Constituyente, dominada por el oficialismo, despoj\u00f3 de su inmunidad y est\u00e1 entre los acusados por el Tribunal Superior de Justicia de \u201ctraici\u00f3n a la patria, conspiraci\u00f3n, instigaci\u00f3n a la insurrecci\u00f3n, rebeli\u00f3n civil\u201d, entre otros delitos, por la fallida rebeli\u00f3n militar del pasado 30 de abril contra Nicol\u00e1s Maduro. <br \/>El mismo tribunal acus\u00f3 a otros cuatro diputados, que se suman a los 10 ya inculpados, por esos mismos cargos. <br \/>Juan Guaid\u00f3 denunci\u00f3 que el oficialismo trata de \u201ccerrar\u201d el Parlamento venezolano, luego de que fuerzas de seguridad bloquearon los accesos al palacio legislativo e impidieron que los diputados sesionaran. <br \/>El opositor llam\u00f3 a sesionar ayer mi\u00e9rcoles.<\/p>\n","protected":false},"excerpt":{"rendered":"<p>Se refugi\u00f3 en la embajada de M\u00e9xico en Caracas \u00a0\u00a0 \u00a0\u2022\u00a0\u00a0 \u00a0La SRE inform\u00f3 en un comunicado que resguarda a Franco Manuel Casella Lovaton\u2028<\/p>\n","protected":false},"author":93,"featured_media":0,"comment_status":"open","ping_status":"open","sticky":false,"template":"","format":"standard","meta":{"footnotes":""},"categories":[31],"tags":[],"class_list":["post-83660","post","type-post","status-publish","format-standard","hentry","category-orbe"],"_links":{"self":[{"href":"https:\/\/plazajuarez.mx\/historico\/wp-json\/wp\/v2\/posts\/83660","targetHints":{"allow":["GET"]}}],"collection":[{"href":"https:\/\/plazajuarez.mx\/historico\/wp-json\/wp\/v2\/posts"}],"about":[{"href":"https:\/\/plazajuarez.mx\/historico\/wp-json\/wp\/v2\/types\/post"}],"author":[{"embeddable":true,"href":"https:\/\/plazajuarez.mx\/historico\/wp-json\/wp\/v2\/users\/93"}],"replies":[{"embeddable":true,"href":"https:\/\/plazajuarez.mx\/historico\/wp-json\/wp\/v2\/comments?post=83660"}],"version-history":[{"count":0,"href":"https:\/\/plazajuarez.mx\/historico\/wp-json\/wp\/v2\/posts\/83660\/revisions"}],"wp:attachment":[{"href":"https:\/\/plazajuarez.mx\/historico\/wp-json\/wp\/v2\/media?parent=83660"}],"wp:term":[{"taxonomy":"category","embeddable":true,"href":"https:\/\/plazajuarez.mx\/historico\/wp-json\/wp\/v2\/categories?post=83660"},{"taxonomy":"post_tag","embeddable":true,"href":"https:\/\/plazajuarez.mx\/historico\/wp-json\/wp\/v2\/tags?post=83660"}],"curies":[{"name":"wp","href":"https:\/\/api.w.org\/{rel}","templated":true}]}}