{"id":83658,"date":"2019-05-16T13:53:04","date_gmt":"2019-05-16T13:53:04","guid":{"rendered":"http:\/\/plazajuarez.mx\/index\/index.php\/2019\/05\/16\/trump-descarta-enviar-a-iran-120-mil-soldados\/"},"modified":"2019-05-16T13:53:04","modified_gmt":"2019-05-16T13:53:04","slug":"trump-descarta-enviar-a-iran-120-mil-soldados","status":"publish","type":"post","link":"https:\/\/plazajuarez.mx\/historico\/trump-descarta-enviar-a-iran-120-mil-soldados\/","title":{"rendered":"Trump descarta enviar a Ir\u00e1n 120 mil soldados"},"content":{"rendered":"<p>Califica de \u201cfake news\u201d lo publicado por The New York Times<\/p>\n<p>\u00a0\u00a0 \u00a0\u2022\u00a0\u00a0 \u00a0El belicoso Donald dice que no lo tiene planeado\u2028<\/p>\n<p>  <!--more-->  <\/p>\n<p>El presidente de EU, Donald Trump, neg\u00f3 que planee enviar 120 mil militares a Medio Oriente en caso de ataque por parte de Ir\u00e1n. Tach\u00f3 de \u201cnoticias falsas las informaciones de The New York Times\u201d. \u201cSon fake news\u201d. <br \/>\u00bfPodr\u00eda hacerlo [enviar las tropas]? <br \/>\u201cAbsolutamente, pero no lo tenemos planeado\u201d. <br \/>Expres\u00f3 su deseo de que \u201cno sea necesario realizar eso\u201d.<br \/>Asimismo, resalt\u00f3: \u201cEn caso de hacerlo [desplegar a los soldados], enviar\u00edamos much\u00edsimos m\u00e1s. The New York Times es fake news\u201d. <br \/>Seg\u00fan el diario, el secretario de Defensa interino de EU, Patrick Shanahan, present\u00f3 un plan militar actualizado a la administraci\u00f3n que contempla el env\u00edo de hasta 120 mil militares a Medio Oriente si Ir\u00e1n atacara a las tropas estadounidenses o acelerara el trabajo sobre armas nucleares. <br \/>El peri\u00f3dico afirm\u00f3 que Shanahan present\u00f3 el proyecto en una reuni\u00f3n el jueves de los principales asesores de seguridad de Trump. <br \/>Las tensiones entre Ir\u00e1n y EU aumentaron desde que Trump se retir\u00f3 del acuerdo internacional de 2015 para frenar las actividades nucleares de Ir\u00e1n e impuso sanciones cada vez m\u00e1s estrictas a Teher\u00e1n. <br \/>Sin embargo, el l\u00edder supremo de Ir\u00e1n, el ayatola Al\u00ed Jamenei, resalt\u00f3 que \u201cno habr\u00e1 guerra\u201d con EU a pesar del incremento de las tensiones, inform\u00f3 la agencia iran\u00ed de noticias IRNA. <\/p>\n","protected":false},"excerpt":{"rendered":"<p>Califica de \u201cfake news\u201d lo publicado por The New York Times \u00a0\u00a0 \u00a0\u2022\u00a0\u00a0 \u00a0El belicoso Donald dice que no lo tiene planeado\u2028<\/p>\n","protected":false},"author":93,"featured_media":0,"comment_status":"open","ping_status":"open","sticky":false,"template":"","format":"standard","meta":{"footnotes":""},"categories":[31],"tags":[],"class_list":["post-83658","post","type-post","status-publish","format-standard","hentry","category-orbe"],"_links":{"self":[{"href":"https:\/\/plazajuarez.mx\/historico\/wp-json\/wp\/v2\/posts\/83658","targetHints":{"allow":["GET"]}}],"collection":[{"href":"https:\/\/plazajuarez.mx\/historico\/wp-json\/wp\/v2\/posts"}],"about":[{"href":"https:\/\/plazajuarez.mx\/historico\/wp-json\/wp\/v2\/types\/post"}],"author":[{"embeddable":true,"href":"https:\/\/plazajuarez.mx\/historico\/wp-json\/wp\/v2\/users\/93"}],"replies":[{"embeddable":true,"href":"https:\/\/plazajuarez.mx\/historico\/wp-json\/wp\/v2\/comments?post=83658"}],"version-history":[{"count":0,"href":"https:\/\/plazajuarez.mx\/historico\/wp-json\/wp\/v2\/posts\/83658\/revisions"}],"wp:attachment":[{"href":"https:\/\/plazajuarez.mx\/historico\/wp-json\/wp\/v2\/media?parent=83658"}],"wp:term":[{"taxonomy":"category","embeddable":true,"href":"https:\/\/plazajuarez.mx\/historico\/wp-json\/wp\/v2\/categories?post=83658"},{"taxonomy":"post_tag","embeddable":true,"href":"https:\/\/plazajuarez.mx\/historico\/wp-json\/wp\/v2\/tags?post=83658"}],"curies":[{"name":"wp","href":"https:\/\/api.w.org\/{rel}","templated":true}]}}