{"id":83657,"date":"2019-05-16T13:52:41","date_gmt":"2019-05-16T13:52:41","guid":{"rendered":"http:\/\/plazajuarez.mx\/index\/index.php\/2019\/05\/16\/acusan-a-diaz-canel-y-castro-por-esclavitud\/"},"modified":"2019-05-16T13:52:41","modified_gmt":"2019-05-16T13:52:41","slug":"acusan-a-diaz-canel-y-castro-por-esclavitud","status":"publish","type":"post","link":"https:\/\/plazajuarez.mx\/historico\/acusan-a-diaz-canel-y-castro-por-esclavitud\/","title":{"rendered":"Acusan a D\u00edaz-Canel y Castro por esclavitud"},"content":{"rendered":"<p>\u00a0\u00a0\u00a0 \u2022\u00a0\u00a0 \u00a0De todo ha acusado el Imperio y sus seguidores a este sufrido y bloqueado pa\u00eds socialista. S\u00f3lo faltaba esto\u2028<\/p>\n<p>  <!--more-->  <\/p>\n<p>El expresidente de Cuba Ra\u00fal Castro y el actual mandatario, Miguel D\u00edaz-Canel, fueron denunciados ante la Corte Penal Internacional (CPI) por someter a condiciones de \u201cesclavitud\u201d a trabajadores cubanos en el exterior, m\u00e9dicos en su mayor\u00eda, anunciaron el martes las entidades que presentaron el caso. <br \/>La asociaci\u00f3n Cuban Prisoners Defenders (CPD) y la ONG Uni\u00f3n Patri\u00f3tica de Cuba (Unpacu) radicaron la semana pasada la denuncia ante la fiscal\u00eda de la CPI, que ya acus\u00f3 recibo formal de la petici\u00f3n, dijo Javier Larrondo, fundador de CPD, en rueda de prensa en la sede de la Organizaci\u00f3n de los Estados Americanos (OEA). Tambi\u00e9n los acusaron por \u201ccr\u00edmenes de lesa humanidad\u201d.<\/p>\n","protected":false},"excerpt":{"rendered":"<p>\u00a0\u00a0\u00a0 \u2022\u00a0\u00a0 \u00a0De todo ha acusado el Imperio y sus seguidores a este sufrido y bloqueado pa\u00eds socialista. S\u00f3lo faltaba esto\u2028<\/p>\n","protected":false},"author":93,"featured_media":0,"comment_status":"open","ping_status":"open","sticky":false,"template":"","format":"standard","meta":{"footnotes":""},"categories":[31],"tags":[],"class_list":["post-83657","post","type-post","status-publish","format-standard","hentry","category-orbe"],"_links":{"self":[{"href":"https:\/\/plazajuarez.mx\/historico\/wp-json\/wp\/v2\/posts\/83657","targetHints":{"allow":["GET"]}}],"collection":[{"href":"https:\/\/plazajuarez.mx\/historico\/wp-json\/wp\/v2\/posts"}],"about":[{"href":"https:\/\/plazajuarez.mx\/historico\/wp-json\/wp\/v2\/types\/post"}],"author":[{"embeddable":true,"href":"https:\/\/plazajuarez.mx\/historico\/wp-json\/wp\/v2\/users\/93"}],"replies":[{"embeddable":true,"href":"https:\/\/plazajuarez.mx\/historico\/wp-json\/wp\/v2\/comments?post=83657"}],"version-history":[{"count":0,"href":"https:\/\/plazajuarez.mx\/historico\/wp-json\/wp\/v2\/posts\/83657\/revisions"}],"wp:attachment":[{"href":"https:\/\/plazajuarez.mx\/historico\/wp-json\/wp\/v2\/media?parent=83657"}],"wp:term":[{"taxonomy":"category","embeddable":true,"href":"https:\/\/plazajuarez.mx\/historico\/wp-json\/wp\/v2\/categories?post=83657"},{"taxonomy":"post_tag","embeddable":true,"href":"https:\/\/plazajuarez.mx\/historico\/wp-json\/wp\/v2\/tags?post=83657"}],"curies":[{"name":"wp","href":"https:\/\/api.w.org\/{rel}","templated":true}]}}