{"id":83656,"date":"2019-05-16T13:52:33","date_gmt":"2019-05-16T13:52:33","guid":{"rendered":"http:\/\/plazajuarez.mx\/index\/index.php\/2019\/05\/16\/duermen-en-el-suelo-migrantes-bajo-custodia-en-eu\/"},"modified":"2019-05-16T13:52:33","modified_gmt":"2019-05-16T13:52:33","slug":"duermen-en-el-suelo-migrantes-bajo-custodia-en-eu","status":"publish","type":"post","link":"https:\/\/plazajuarez.mx\/historico\/duermen-en-el-suelo-migrantes-bajo-custodia-en-eu\/","title":{"rendered":"Duermen en el suelo, migrantes bajo custodia en EU"},"content":{"rendered":"<p>Habr\u00e1 que esperar reacci\u00f3n de las ONGs <\/p>\n<p>\u00a0\u00a0 \u00a0\u2022\u00a0\u00a0 \u00a0En un a\u00f1o habr\u00edan detectado y detectado a un mill\u00f3n de migrantes indocumentados\u2028<\/p>\n<p>  <!--more-->  <\/p>\n<p>Operaci\u00f3n masiva para deportar hasta 10 mil indocumentados, en 10 de las m\u00e1s grandes ciudades del pa\u00eds<br \/>Desde hace varias semanas, las autoridades de EU se quejan de que el sistema migratorio del pa\u00eds ha llegado a \u201cun punto de quiebre\u201d que no puede gestionar una \u201ccrisis humanitaria\u201d que \u201cempeora\u201d en la frontera. <br \/>El gobierno estima que en el actual a\u00f1o fiscal, que termina a finales de septiembre, las autoridades fronterizas habr\u00e1n detenido y detectado m\u00e1s de un mill\u00f3n de migrantes indocumentados tratando de cruzar a territorio estadounidense. <br \/>\u201cLas instalaciones y los fondos son inadecuados para los flujos migrantes\u201d, se defendi\u00f3 el mismo funcionario, preguntado por las condiciones en las que est\u00e1n albergados los migrantes en la instalaci\u00f3n de McAllen. <br \/>Las fotograf\u00edas de CNN de ni\u00f1os durmiendo en el suelo, aparecieron un d\u00eda despu\u00e9s de que The Washington Post publicara que el gobierno de EU se plante\u00f3 una operaci\u00f3n masiva de detenci\u00f3n de familias de indocumentados<\/p>\n","protected":false},"excerpt":{"rendered":"<p>Habr\u00e1 que esperar reacci\u00f3n de las ONGs \u00a0\u00a0 \u00a0\u2022\u00a0\u00a0 \u00a0En un a\u00f1o habr\u00edan detectado y detectado a un mill\u00f3n de migrantes indocumentados\u2028<\/p>\n","protected":false},"author":93,"featured_media":0,"comment_status":"open","ping_status":"open","sticky":false,"template":"","format":"standard","meta":{"footnotes":""},"categories":[31],"tags":[],"class_list":["post-83656","post","type-post","status-publish","format-standard","hentry","category-orbe"],"_links":{"self":[{"href":"https:\/\/plazajuarez.mx\/historico\/wp-json\/wp\/v2\/posts\/83656","targetHints":{"allow":["GET"]}}],"collection":[{"href":"https:\/\/plazajuarez.mx\/historico\/wp-json\/wp\/v2\/posts"}],"about":[{"href":"https:\/\/plazajuarez.mx\/historico\/wp-json\/wp\/v2\/types\/post"}],"author":[{"embeddable":true,"href":"https:\/\/plazajuarez.mx\/historico\/wp-json\/wp\/v2\/users\/93"}],"replies":[{"embeddable":true,"href":"https:\/\/plazajuarez.mx\/historico\/wp-json\/wp\/v2\/comments?post=83656"}],"version-history":[{"count":0,"href":"https:\/\/plazajuarez.mx\/historico\/wp-json\/wp\/v2\/posts\/83656\/revisions"}],"wp:attachment":[{"href":"https:\/\/plazajuarez.mx\/historico\/wp-json\/wp\/v2\/media?parent=83656"}],"wp:term":[{"taxonomy":"category","embeddable":true,"href":"https:\/\/plazajuarez.mx\/historico\/wp-json\/wp\/v2\/categories?post=83656"},{"taxonomy":"post_tag","embeddable":true,"href":"https:\/\/plazajuarez.mx\/historico\/wp-json\/wp\/v2\/tags?post=83656"}],"curies":[{"name":"wp","href":"https:\/\/api.w.org\/{rel}","templated":true}]}}