{"id":83654,"date":"2019-05-16T13:51:52","date_gmt":"2019-05-16T13:51:52","guid":{"rendered":"http:\/\/plazajuarez.mx\/index\/index.php\/2019\/05\/16\/publican-reforma-educativa-en-el-diario-oficial\/"},"modified":"2019-05-16T13:51:52","modified_gmt":"2019-05-16T13:51:52","slug":"publican-reforma-educativa-en-el-diario-oficial","status":"publish","type":"post","link":"https:\/\/plazajuarez.mx\/historico\/publican-reforma-educativa-en-el-diario-oficial\/","title":{"rendered":"Publican reforma educativa en el Diario Oficial"},"content":{"rendered":"<p>Ayer mismo fue promulgada por AMLO\u00a0 <br \/>\u00a0\u00a0 \u00a0\u2022\u00a0\u00a0 \u00a0La morenista Guadalupe Morales asegur\u00f3 que festejan el cumplimiento de una promesa de campa\u00f1a \u00a0\u2028<\/p>\n<p>  <!--more-->  <\/p>\n<p>Este mi\u00e9rcoles en la edici\u00f3n vespertina del Diario Oficial de la Federaci\u00f3n se public\u00f3 la reforma educativa promovida por el gobierno de Andr\u00e9s Manuel L\u00f3pez Obrador, en el que se reforma, adicionan y derogan diversas disposiciones de los art\u00edculos tercero, 31 y 73 de la Constituci\u00f3n en materia educativa.<br \/>Con la entrada en vigor de las presentes disposiciones, los derechos laborales de los trabajadores al servicio de la educaci\u00f3n, se regir\u00e1n por el art\u00edculo 123 Constitucional Apartado B.<br \/>Con fundamento en este Decreto, la admisi\u00f3n, promoci\u00f3n y reconocimiento se regir\u00e1n por la Ley Reglamentaria del Sistema para la Carrera de las Maestras y los Maestros, prevaleciendo siempre la rector\u00eda del Estado.<br \/>Este jueves entra en vigor el decreto con el cual se abroga la Ley General del Servicio Profesional Docente, se derogan todas las disposiciones contenidas en las leyes secundarias y quedan sin efectos los reglamentos, acuerdos y disposiciones de car\u00e1cter general contrarias.<br \/>Adem\u00e1s, hasta que el Congreso de la Uni\u00f3n expida la ley en materia del Sistema para la Carrera de las Maestras y los Maestros, queda suspendida cualquier evaluaci\u00f3n y permanecer\u00e1n vigentes las disposiciones que facultan a la actual Coordinaci\u00f3n Nacional del Servicio Profesional Docente de la Secretar\u00eda de Educaci\u00f3n P\u00fablica, para proveer las medidas necesarias y dar cumplimiento a los procesos derivados del Servicio Profesional Docente.<\/p>\n","protected":false},"excerpt":{"rendered":"<p>Ayer mismo fue promulgada por AMLO\u00a0 \u00a0\u00a0 \u00a0\u2022\u00a0\u00a0 \u00a0La morenista Guadalupe Morales asegur\u00f3 que festejan el cumplimiento de una promesa de campa\u00f1a \u00a0\u2028<\/p>\n","protected":false},"author":93,"featured_media":0,"comment_status":"open","ping_status":"open","sticky":false,"template":"","format":"standard","meta":{"footnotes":""},"categories":[36],"tags":[],"class_list":["post-83654","post","type-post","status-publish","format-standard","hentry","category-nacion"],"_links":{"self":[{"href":"https:\/\/plazajuarez.mx\/historico\/wp-json\/wp\/v2\/posts\/83654","targetHints":{"allow":["GET"]}}],"collection":[{"href":"https:\/\/plazajuarez.mx\/historico\/wp-json\/wp\/v2\/posts"}],"about":[{"href":"https:\/\/plazajuarez.mx\/historico\/wp-json\/wp\/v2\/types\/post"}],"author":[{"embeddable":true,"href":"https:\/\/plazajuarez.mx\/historico\/wp-json\/wp\/v2\/users\/93"}],"replies":[{"embeddable":true,"href":"https:\/\/plazajuarez.mx\/historico\/wp-json\/wp\/v2\/comments?post=83654"}],"version-history":[{"count":0,"href":"https:\/\/plazajuarez.mx\/historico\/wp-json\/wp\/v2\/posts\/83654\/revisions"}],"wp:attachment":[{"href":"https:\/\/plazajuarez.mx\/historico\/wp-json\/wp\/v2\/media?parent=83654"}],"wp:term":[{"taxonomy":"category","embeddable":true,"href":"https:\/\/plazajuarez.mx\/historico\/wp-json\/wp\/v2\/categories?post=83654"},{"taxonomy":"post_tag","embeddable":true,"href":"https:\/\/plazajuarez.mx\/historico\/wp-json\/wp\/v2\/tags?post=83654"}],"curies":[{"name":"wp","href":"https:\/\/api.w.org\/{rel}","templated":true}]}}