{"id":83653,"date":"2019-05-16T13:52:49","date_gmt":"2019-05-16T13:52:49","guid":{"rendered":"http:\/\/plazajuarez.mx\/index\/index.php\/2019\/05\/16\/gobierno-anuncia-inversion-de-iberdrola-por-5-mmdd\/"},"modified":"2019-05-16T13:52:49","modified_gmt":"2019-05-16T13:52:49","slug":"gobierno-anuncia-inversion-de-iberdrola-por-5-mmdd","status":"publish","type":"post","link":"https:\/\/plazajuarez.mx\/historico\/gobierno-anuncia-inversion-de-iberdrola-por-5-mmdd\/","title":{"rendered":"Gobierno anuncia inversi\u00f3n de Iberdrola por 5 mmdd"},"content":{"rendered":"<p>\u00a0\u00a0\u00a0 \u2022\u00a0\u00a0 \u00a0La financiaci\u00f3n ser\u00e1 para las nuevas centrales de generaci\u00f3n en el periodo 2019-2024\u2028<\/p>\n<p>  <!--more-->  <\/p>\n<p>Generar\u00e1 fuentes de trabajo en la fase de construcci\u00f3n, en l\u00ednea con los 25 mil empleos ya creados por la compa\u00f1\u00eda <\/p>\n<p>El gobierno federal anunci\u00f3 que la empresa espa\u00f1ola Iberdrola, dedicada a producir, distribuir y comercializar energ\u00eda, invertir\u00e1 hasta 5 mil millones de d\u00f3lares en M\u00e9xico durante la administraci\u00f3n de Andr\u00e9s Manuel L\u00f3pez Obrador.<\/p>\n<p>Adicionalmente, en la etapa de operaci\u00f3n de estas plantas se crear\u00e1n 450 puestos de trabajo directos, 2 mil 500 indirectos y se incorporar\u00e1 a m\u00e1s de 100 j\u00f3venes becarios, inform\u00f3 el gobierno en un comunicado.<\/p>\n<p>Iberdrola realizar\u00e1 compras a industrias mexicanas por m\u00e1s de 3 mil millones de d\u00f3lares. Adem\u00e1s, a lo largo de este a\u00f1o, la compa\u00f1\u00eda iniciar\u00e1 la construcci\u00f3n de tres nuevas plantas: un ciclo combinado en Tuxpan (Veracruz), una cogeneraci\u00f3n en San Juan del R\u00edo (Quer\u00e9taro) y un parque fotovoltaico en el estado de Puebla, que suman una inversi\u00f3n total de mil millones d\u00f3lares y una potencia instalada de mil 500 megavatios (MW).<\/p>\n","protected":false},"excerpt":{"rendered":"<p>\u00a0\u00a0\u00a0 \u2022\u00a0\u00a0 \u00a0La financiaci\u00f3n ser\u00e1 para las nuevas centrales de generaci\u00f3n en el periodo 2019-2024\u2028<\/p>\n","protected":false},"author":93,"featured_media":0,"comment_status":"open","ping_status":"open","sticky":false,"template":"","format":"standard","meta":{"footnotes":""},"categories":[36],"tags":[],"class_list":["post-83653","post","type-post","status-publish","format-standard","hentry","category-nacion"],"_links":{"self":[{"href":"https:\/\/plazajuarez.mx\/historico\/wp-json\/wp\/v2\/posts\/83653","targetHints":{"allow":["GET"]}}],"collection":[{"href":"https:\/\/plazajuarez.mx\/historico\/wp-json\/wp\/v2\/posts"}],"about":[{"href":"https:\/\/plazajuarez.mx\/historico\/wp-json\/wp\/v2\/types\/post"}],"author":[{"embeddable":true,"href":"https:\/\/plazajuarez.mx\/historico\/wp-json\/wp\/v2\/users\/93"}],"replies":[{"embeddable":true,"href":"https:\/\/plazajuarez.mx\/historico\/wp-json\/wp\/v2\/comments?post=83653"}],"version-history":[{"count":0,"href":"https:\/\/plazajuarez.mx\/historico\/wp-json\/wp\/v2\/posts\/83653\/revisions"}],"wp:attachment":[{"href":"https:\/\/plazajuarez.mx\/historico\/wp-json\/wp\/v2\/media?parent=83653"}],"wp:term":[{"taxonomy":"category","embeddable":true,"href":"https:\/\/plazajuarez.mx\/historico\/wp-json\/wp\/v2\/categories?post=83653"},{"taxonomy":"post_tag","embeddable":true,"href":"https:\/\/plazajuarez.mx\/historico\/wp-json\/wp\/v2\/tags?post=83653"}],"curies":[{"name":"wp","href":"https:\/\/api.w.org\/{rel}","templated":true}]}}