{"id":83652,"date":"2019-05-16T13:52:47","date_gmt":"2019-05-16T13:52:47","guid":{"rendered":"http:\/\/plazajuarez.mx\/index\/index.php\/2019\/05\/16\/celebran-dia-del-maestro-sin-lideres-sindicales\/"},"modified":"2019-05-16T13:52:47","modified_gmt":"2019-05-16T13:52:47","slug":"celebran-dia-del-maestro-sin-lideres-sindicales","status":"publish","type":"post","link":"https:\/\/plazajuarez.mx\/historico\/celebran-dia-del-maestro-sin-lideres-sindicales\/","title":{"rendered":"Celebran D\u00eda del Maestro sin l\u00edderes sindicales"},"content":{"rendered":"<p>No ocurr\u00eda desde el \u201csalinato\u201d<br \/>\u00a0\u00a0 \u00a0\u2022\u00a0\u00a0 \u00a0Ahora, que se anunci\u00f3 la promulgaci\u00f3n de la nueva reforma educativa, Alfonso Cepeda no estuvo presente\u2028<\/p>\n<p>  <!--more-->  <\/p>\n<p>Por primera vez en 30 a\u00f1os, ning\u00fan dirigente sindical particip\u00f3 en una ceremonia para conmemorar el D\u00eda del Maestro organizada por un presidente de la Rep\u00fablica.<\/p>\n<p>En esta ocasi\u00f3n, la ceremonia se celebr\u00f3 en el Palacio Nacional. El presidente entreg\u00f3 reconocimientos a docentes por a\u00f1os de ser-<br \/>vicio y por su labor, en el marco de la conferencia de<br \/>prensa matutina que ofrece diariamente.<\/p>\n<p>En ella no particip\u00f3 el dirigente nacional del SNTE, Alfonso Cepeda Salas, y tampoco se dieron a conocer los resultados de la negociaci\u00f3n anual entre sindicato y gobierno federal, que tradicionalmente quedaba lista para este d\u00eda.<\/p>\n<p>Desde hace m\u00e1s de un cuarto de siglo era tradici\u00f3n que el dirigente nacional del sindicato asistiera a dicha ceremonia que ofrec\u00eda el presidente para celebrar a los docentes: Elba Esther Gordillo lo hizo<br \/>durante los sexenios de Carlos Salinas de Gortari, Ernesto Zedillo, Vicente Fox y Felipe Calder\u00f3n; mientras que Juan D\u00edaz de<br \/>la Torre asisti\u00f3 a todas las ceremonias organizadas por Enrique Pe\u00f1a Nieto.<br \/>AMLO dijo que habr\u00e1 una recuperaci\u00f3n del poder de compra del salario, el cual ser\u00e1 gradual porque \u201cno lo podemos lograr de la noche a la ma\u00f1ana, pero s\u00ed vamos a mejorar los salarios\u201d. \u201cNunca m\u00e1s el salario va a aumentar por debajo de la inflaci\u00f3n\u201d, se\u00f1al\u00f3.<\/p>\n","protected":false},"excerpt":{"rendered":"<p>No ocurr\u00eda desde el \u201csalinato\u201d\u00a0\u00a0 \u00a0\u2022\u00a0\u00a0 \u00a0Ahora, que se anunci\u00f3 la promulgaci\u00f3n de la nueva reforma educativa, Alfonso Cepeda no estuvo presente\u2028<\/p>\n","protected":false},"author":93,"featured_media":0,"comment_status":"open","ping_status":"open","sticky":false,"template":"","format":"standard","meta":{"footnotes":""},"categories":[36],"tags":[],"class_list":["post-83652","post","type-post","status-publish","format-standard","hentry","category-nacion"],"_links":{"self":[{"href":"https:\/\/plazajuarez.mx\/historico\/wp-json\/wp\/v2\/posts\/83652","targetHints":{"allow":["GET"]}}],"collection":[{"href":"https:\/\/plazajuarez.mx\/historico\/wp-json\/wp\/v2\/posts"}],"about":[{"href":"https:\/\/plazajuarez.mx\/historico\/wp-json\/wp\/v2\/types\/post"}],"author":[{"embeddable":true,"href":"https:\/\/plazajuarez.mx\/historico\/wp-json\/wp\/v2\/users\/93"}],"replies":[{"embeddable":true,"href":"https:\/\/plazajuarez.mx\/historico\/wp-json\/wp\/v2\/comments?post=83652"}],"version-history":[{"count":0,"href":"https:\/\/plazajuarez.mx\/historico\/wp-json\/wp\/v2\/posts\/83652\/revisions"}],"wp:attachment":[{"href":"https:\/\/plazajuarez.mx\/historico\/wp-json\/wp\/v2\/media?parent=83652"}],"wp:term":[{"taxonomy":"category","embeddable":true,"href":"https:\/\/plazajuarez.mx\/historico\/wp-json\/wp\/v2\/categories?post=83652"},{"taxonomy":"post_tag","embeddable":true,"href":"https:\/\/plazajuarez.mx\/historico\/wp-json\/wp\/v2\/tags?post=83652"}],"curies":[{"name":"wp","href":"https:\/\/api.w.org\/{rel}","templated":true}]}}