{"id":83651,"date":"2019-05-16T13:50:47","date_gmt":"2019-05-16T13:50:47","guid":{"rendered":"http:\/\/plazajuarez.mx\/index\/index.php\/2019\/05\/16\/cnte-exige-abrogacion-de-la-reforma-educativa\/"},"modified":"2019-05-16T13:50:47","modified_gmt":"2019-05-16T13:50:47","slug":"cnte-exige-abrogacion-de-la-reforma-educativa","status":"publish","type":"post","link":"https:\/\/plazajuarez.mx\/historico\/cnte-exige-abrogacion-de-la-reforma-educativa\/","title":{"rendered":"CNTE exige abrogaci\u00f3n de la Reforma Educativa"},"content":{"rendered":"<p>\u00a0\u00a0\u00a0 \u2022\u00a0\u00a0 \u00a0\u201cNo queremos que se sigan maquillando las cosas. Queremos abrogaci\u00f3n total\u201d\u2028<\/p>\n<p>\u201cAndr\u00e9s Manuel L\u00f3pez Obrador no cumpli\u00f3 la promesa que hizo a los maestros en campa\u00f1a\u201d<\/p>\n<p>  <!--more-->  <\/p>\n<p>La Coordinadora Nacional de Trabajadores de la Educaci\u00f3n (CNTE) exigi\u00f3 la abrogaci\u00f3n total de la reforma educativa, tras considerar que el presidente L\u00f3pez Obrador no cumpli\u00f3 la promesa que en campa\u00f1a hizo a los maestros.\u2028\u2028<br \/>Al terminar la marcha tradicional por el D\u00eda del Maestro de la antigua Benem\u00e9rita Escuela Normal de Maestros al Z\u00f3calo de la Ciudad de M\u00e9xico, los maestros reclamaron que el proceso que todav\u00eda falta para elaborar y aprobar las leyes reglamentarias tiene que pasar necesariamente por la CNTE.\u2028\u2028<br \/>&#8220;No queremos que se sigan maquillando las cosas. Queremos abrogaci\u00f3n total. Si es un procedimiento lo vamos a llevar a cabo. Lo que haga falta tiene que ser con nosotros: leyes reglamentarias&#8221;, dijo el dirigente de la secci\u00f3n 18 de Michoac\u00e1n, V\u00edctor Manuel Zavala Hurtado.\u2028\u2028<br \/>De acuerdo con reportes de la Secretar\u00eda de Gobierno en la marcha que parti\u00f3 del Metro San Cosme hacia el Z\u00f3calo de la Ciudad de M\u00e9xico, hubo alrededor de siete mil profesores.<\/p>\n","protected":false},"excerpt":{"rendered":"<p>\u00a0\u00a0\u00a0 \u2022\u00a0\u00a0 \u00a0\u201cNo queremos que se sigan maquillando las cosas. Queremos abrogaci\u00f3n total\u201d\u2028 \u201cAndr\u00e9s Manuel L\u00f3pez Obrador no cumpli\u00f3 la promesa que hizo a los maestros en campa\u00f1a\u201d<\/p>\n","protected":false},"author":93,"featured_media":0,"comment_status":"open","ping_status":"open","sticky":false,"template":"","format":"standard","meta":{"footnotes":""},"categories":[36],"tags":[],"class_list":["post-83651","post","type-post","status-publish","format-standard","hentry","category-nacion"],"_links":{"self":[{"href":"https:\/\/plazajuarez.mx\/historico\/wp-json\/wp\/v2\/posts\/83651","targetHints":{"allow":["GET"]}}],"collection":[{"href":"https:\/\/plazajuarez.mx\/historico\/wp-json\/wp\/v2\/posts"}],"about":[{"href":"https:\/\/plazajuarez.mx\/historico\/wp-json\/wp\/v2\/types\/post"}],"author":[{"embeddable":true,"href":"https:\/\/plazajuarez.mx\/historico\/wp-json\/wp\/v2\/users\/93"}],"replies":[{"embeddable":true,"href":"https:\/\/plazajuarez.mx\/historico\/wp-json\/wp\/v2\/comments?post=83651"}],"version-history":[{"count":0,"href":"https:\/\/plazajuarez.mx\/historico\/wp-json\/wp\/v2\/posts\/83651\/revisions"}],"wp:attachment":[{"href":"https:\/\/plazajuarez.mx\/historico\/wp-json\/wp\/v2\/media?parent=83651"}],"wp:term":[{"taxonomy":"category","embeddable":true,"href":"https:\/\/plazajuarez.mx\/historico\/wp-json\/wp\/v2\/categories?post=83651"},{"taxonomy":"post_tag","embeddable":true,"href":"https:\/\/plazajuarez.mx\/historico\/wp-json\/wp\/v2\/tags?post=83651"}],"curies":[{"name":"wp","href":"https:\/\/api.w.org\/{rel}","templated":true}]}}