{"id":83649,"date":"2019-05-16T13:49:40","date_gmt":"2019-05-16T13:49:40","guid":{"rendered":"http:\/\/plazajuarez.mx\/index\/index.php\/2019\/05\/16\/ayer-aparecio-un-hombre-muerto-en-la-parte-baja-del-viaducto-rio-de-las-avenidas\/"},"modified":"2019-05-16T13:49:40","modified_gmt":"2019-05-16T13:49:40","slug":"ayer-aparecio-un-hombre-muerto-en-la-parte-baja-del-viaducto-rio-de-las-avenidas","status":"publish","type":"post","link":"https:\/\/plazajuarez.mx\/historico\/ayer-aparecio-un-hombre-muerto-en-la-parte-baja-del-viaducto-rio-de-las-avenidas\/","title":{"rendered":"AYER APARECI\u00d3 UN HOMBRE MUERTO EN LA PARTE BAJA DEL VIADUCTO R\u00cdO DE LAS AVENIDAS"},"content":{"rendered":"<p>SE DESCONOCE SU IDENTIDAD<\/p>\n<p>  <!--more-->  <\/p>\n<p>A las 08:20 horas de ayer, se dio la alerta sobre el hallazgo, por lo que al lugar acudieron elementos de las polic\u00edas municipal y estatal<br \/>La ma\u00f1ana de ayer en Viaducto R\u00edo de las Avenidas, apareci\u00f3 el cuerpo sin vida de un hombre, que no present\u00f3 huellas de violencia, por lo que su deceso es un verdadero misterio, y ante ello la Polic\u00eda de Investigaci\u00f3n realiza indagatorias para tratar de esclarecer el caso.<br \/>A las 08:20 horas de ayer, se dio la alerta sobre el hallazgo, por lo que al lugar acudieron elementos de las polic\u00edas municipal y estatal, quienes corroboraron el deceso del infortunado sujeto.<br \/>Fue personal del Cuerpo de Bomberos de Hidalgo, el que se hizo cargo de valorar a la v\u00edctima, corroborando que ya no contaba con signos vitales.<br \/>El individuo permanece sin identificar y vest\u00eda, pantal\u00f3n de mezclilla azul, sudadera negra, gorra del mismo color y se calcula una edad aproximada de 35 a\u00f1os.<br \/>En el sitio se refiri\u00f3 que alguien vio cuando lo arrojaron de un auto negro.<\/p>\n","protected":false},"excerpt":{"rendered":"<p>SE DESCONOCE SU IDENTIDAD<\/p>\n","protected":false},"author":93,"featured_media":0,"comment_status":"open","ping_status":"open","sticky":false,"template":"","format":"standard","meta":{"footnotes":""},"categories":[37],"tags":[],"class_list":["post-83649","post","type-post","status-publish","format-standard","hentry","category-barandilla"],"_links":{"self":[{"href":"https:\/\/plazajuarez.mx\/historico\/wp-json\/wp\/v2\/posts\/83649","targetHints":{"allow":["GET"]}}],"collection":[{"href":"https:\/\/plazajuarez.mx\/historico\/wp-json\/wp\/v2\/posts"}],"about":[{"href":"https:\/\/plazajuarez.mx\/historico\/wp-json\/wp\/v2\/types\/post"}],"author":[{"embeddable":true,"href":"https:\/\/plazajuarez.mx\/historico\/wp-json\/wp\/v2\/users\/93"}],"replies":[{"embeddable":true,"href":"https:\/\/plazajuarez.mx\/historico\/wp-json\/wp\/v2\/comments?post=83649"}],"version-history":[{"count":0,"href":"https:\/\/plazajuarez.mx\/historico\/wp-json\/wp\/v2\/posts\/83649\/revisions"}],"wp:attachment":[{"href":"https:\/\/plazajuarez.mx\/historico\/wp-json\/wp\/v2\/media?parent=83649"}],"wp:term":[{"taxonomy":"category","embeddable":true,"href":"https:\/\/plazajuarez.mx\/historico\/wp-json\/wp\/v2\/categories?post=83649"},{"taxonomy":"post_tag","embeddable":true,"href":"https:\/\/plazajuarez.mx\/historico\/wp-json\/wp\/v2\/tags?post=83649"}],"curies":[{"name":"wp","href":"https:\/\/api.w.org\/{rel}","templated":true}]}}