{"id":827,"date":"2015-02-13T06:00:00","date_gmt":"2015-02-13T06:00:00","guid":{"rendered":"http:\/\/plazajuarez.mx\/index\/index.php\/2015\/02\/13\/viajes-de-trabajo-no-de-placer-afirma-ernesto-gil-elorduy\/"},"modified":"2015-02-13T06:00:00","modified_gmt":"2015-02-13T06:00:00","slug":"viajes-de-trabajo-no-de-placer-afirma-ernesto-gil-elorduy","status":"publish","type":"post","link":"https:\/\/plazajuarez.mx\/historico\/viajes-de-trabajo-no-de-placer-afirma-ernesto-gil-elorduy\/","title":{"rendered":"Viajes de trabajo, no de placer;  afirma Ernesto Gil Elorduy  \u00a0"},"content":{"rendered":"<p><strong>LUEGO DE SU PARTICIPACI\u00d3N EN LA ONU<\/strong><\/p>\n<p>*En marzo, resoluci\u00f3n al pliego petitorio del SUTSPLEH<\/p>\n<p>  <!--more-->  <\/p>\n<p>\u00a0<\/p>\n<p>Tras su visita al pa\u00eds norteamericano para participar en un encuentro al que convocar\u00eda la Organizaci\u00f3n de las Naciones Unidas (ONU) en pasados d\u00edas, Jos\u00e9 Ernesto Gil Elorduy, presidente de la Junta de Gobierno, apunt\u00f3 son viajes de diplomacia estatal y de trabajo, y no de placer como podr\u00edan apreciarse.<\/p>\n<p>\u00a0<\/p>\n<p>\u201cPara m\u00ed es muy orgulloso y una gran distinci\u00f3n, que pueda uno hablar en este tipo de reuniones con diferentes personalidades que est\u00e1n en estos temas sobre los avances que se est\u00e1n llevando a cabo en Hidalgo, si no fu\u00e9ramos no ser\u00edamos escuchados; creo que es un evento donde dignamente pudimos representar al pa\u00eds y al estado de Hidalgo y a la VXII Legislatura\u201d asever\u00f3 el diputado.<\/p>\n<p>\u00a0<\/p>\n<p>Argument\u00f3 que su participaci\u00f3n fue en el Grupo Mundial Parlamentario del H\u00e1bitat y la Uni\u00f3n Parlamentaria Mundial y dur\u00f3 \u00fanicamente dos d\u00edas, para regresar y continuar con sus labores legislativas; agreg\u00f3 que en este tipo de reuniones internacionales, su presencia tiene una raz\u00f3n de ser, pues funge como el presidente del Grupo Mundial Parlamentario, de ah\u00ed que debe acudir cuando le solicitan.<\/p>\n<p>\u00a0<\/p>\n<p>Cabe mencionar que en este debate se acord\u00f3 una agenda post 2015 que servir\u00e1 para aplicar posibles recursos a partir de 2016, adem\u00e1s de abordarse temas futuros con miras a los siguientes 15 a\u00f1os.<\/p>\n<p>\u00a0<\/p>\n<p>Por otro lado, Gil Elorduy puntualiz\u00f3 que antes de concluir marzo, la LXII Legislatura Local podr\u00eda resolver el pliego petitorio de Sindicato \u00danico de Trabajadores al Servicio del Poder Legislativo del Estado de Hidalgo (SUTSPLEH), puesto que ya existen pl\u00e1ticas con la base sindical misma que ha puesto en la mesa de negociaciones una serie de asuntos por tratarse como es un aumento salarial.<\/p>\n<p>\u00a0<\/p>\n<p>Refiri\u00f3, esta situaci\u00f3n de revisi\u00f3n\u00a0 contractual se lleva a cabo en un periodo de dos a\u00f1os, de ah\u00ed la premura por atenderse, sin embargo reiter\u00f3, es fundamental tener un techo financiero antes de tomarse decisiones de tal naturaleza y a\u00f1adi\u00f3 que es entendible las necesidades planteadas\u00a0 por los representantes del gremio sindical; entre las peticiones est\u00e1n la entrega de vales de despensa, revisi\u00f3n de condiciones laborales de empleados con base, entre otros puntos.<\/p>\n","protected":false},"excerpt":{"rendered":"<p>LUEGO DE SU PARTICIPACI\u00d3N EN LA ONU *En marzo, resoluci\u00f3n al pliego petitorio del SUTSPLEH<\/p>\n","protected":false},"author":93,"featured_media":0,"comment_status":"open","ping_status":"open","sticky":false,"template":"","format":"standard","meta":{"footnotes":""},"categories":[59],"tags":[],"class_list":["post-827","post","type-post","status-publish","format-standard","hentry","category-general"],"_links":{"self":[{"href":"https:\/\/plazajuarez.mx\/historico\/wp-json\/wp\/v2\/posts\/827","targetHints":{"allow":["GET"]}}],"collection":[{"href":"https:\/\/plazajuarez.mx\/historico\/wp-json\/wp\/v2\/posts"}],"about":[{"href":"https:\/\/plazajuarez.mx\/historico\/wp-json\/wp\/v2\/types\/post"}],"author":[{"embeddable":true,"href":"https:\/\/plazajuarez.mx\/historico\/wp-json\/wp\/v2\/users\/93"}],"replies":[{"embeddable":true,"href":"https:\/\/plazajuarez.mx\/historico\/wp-json\/wp\/v2\/comments?post=827"}],"version-history":[{"count":0,"href":"https:\/\/plazajuarez.mx\/historico\/wp-json\/wp\/v2\/posts\/827\/revisions"}],"wp:attachment":[{"href":"https:\/\/plazajuarez.mx\/historico\/wp-json\/wp\/v2\/media?parent=827"}],"wp:term":[{"taxonomy":"category","embeddable":true,"href":"https:\/\/plazajuarez.mx\/historico\/wp-json\/wp\/v2\/categories?post=827"},{"taxonomy":"post_tag","embeddable":true,"href":"https:\/\/plazajuarez.mx\/historico\/wp-json\/wp\/v2\/tags?post=827"}],"curies":[{"name":"wp","href":"https:\/\/api.w.org\/{rel}","templated":true}]}}