{"id":826,"date":"2015-02-13T06:00:00","date_gmt":"2015-02-13T06:00:00","guid":{"rendered":"http:\/\/plazajuarez.mx\/index\/index.php\/2015\/02\/13\/necesario-impulsar-en-la-entidad-una-ley-de-transparencia-afirma-ifai\/"},"modified":"2015-02-13T06:00:00","modified_gmt":"2015-02-13T06:00:00","slug":"necesario-impulsar-en-la-entidad-una-ley-de-transparencia-afirma-ifai","status":"publish","type":"post","link":"https:\/\/plazajuarez.mx\/historico\/necesario-impulsar-en-la-entidad-una-ley-de-transparencia-afirma-ifai\/","title":{"rendered":"Necesario impulsar en la entidad una  Ley de Transparencia, afirma IFAI"},"content":{"rendered":"<p>LA ENTIDAD SE ENCUENTRA EN LA MEDIA NACIONAL\u00a0<\/p>\n<p>* Joel Salas Su\u00e1rez, comisionado del Instituto Federal de Acceso a la Informaci\u00f3n, puntualiz\u00f3 que el estado ser\u00e1 incluido en el plan piloto que impulsar un Gobierno Abierto<\/p>\n<p>  <!--more-->  <\/p>\n<p>\u00a0<\/p>\n<p>Este jueves, el comisionado del Instituto Federal de Acceso a la informaci\u00f3n (IFAI) Joel Salas Su\u00e1rez, imparti\u00f3 la conferencia magistral \u201cGobierno Abierto, nuevos retos de la Transparencia\u201d, donde anunci\u00f3 que Hidalgo ser\u00e1 parte del pilotaje para impulsar el Gobierno Abierto.<\/p>\n<p>\u00a0<\/p>\n<p>Durante su ponencia, el\u00a0 comisionado explic\u00f3 que un Gobierno Abierto es un modelo de gesti\u00f3n p\u00fablica donde la ciudadan\u00eda dialogar\u00e1 y propondr\u00e1 soluciones; pues si bien acept\u00f3 que el gobierno electr\u00f3nico ha permitido avanzar en temas de transparencia y promueve mejores servicios, no se permite que la ciudadan\u00eda opine.<\/p>\n<p>\u00a0<\/p>\n<p>Sostuvo que\u00a0 el Gobierno Abierto busca que la ciudadan\u00eda no s\u00f3lo tenga acceso a la informaci\u00f3n, esto s\u00f3lo ser\u00eda la primera generaci\u00f3n, el saber; la tercera generaci\u00f3n en este tema ser\u00e1 el conocer y resolver; a efecto de llegar a la tercera generaci\u00f3n que ser\u00e1 la de resolver las problem\u00e1ticas de manera conjunta: ciudadanos y gobierno.<\/p>\n<p>\u00a0<\/p>\n<p>Subray\u00f3 que todo ello se lograr\u00e1 cristalizar en la medida que la sociedad lo exija, pues acept\u00f3 que lamentablemente en la actualidad pocos ciudadanos se interesan por tener acceso a la informaci\u00f3n.<\/p>\n<p>\u00a0<\/p>\n<p>Revel\u00f3 que hoy por hoy, pese a las reformas que se han impulsado en el pa\u00eds a favor de la transparencia, s\u00f3lo el 6 por ciento de los mexicanos ejercen su derecho a la informaci\u00f3n p\u00fablica, y de quienes lo hacen y no reciben la informaci\u00f3n requerida, muy pocos dan continuidad a un recurso de inconformidad.<\/p>\n<p>\u00a0<\/p>\n<p>Ante este escenario, asever\u00f3 que hoy el gobierno federal debe impulsar y obligar a que las dem\u00e1s autoridades sean transparentes y fomentar herramientas para que la informaci\u00f3n est\u00e9 al alcance de la sociedad, incluso para aquella poblaci\u00f3n que no tiene conexi\u00f3n a Internet.<\/p>\n<p>\u00a0<\/p>\n<p>Salas Su\u00e1rez, revel\u00f3 que en el caso de Hidalgo, de acuerdo a la m\u00e9trica de transparencia 2014, se est\u00e1 en la media nacional en esta materia, con fortalezas y algunos retos, de ah\u00ed que una de sus sugerencias fue que el titular del Ejecutivo presente ante el Poder Legislativo una propuesta de Ley de Transparencia, sobre todo luego de que a nivel federal se apruebe una Ley General en la materia.<\/p>\n<p>\u00a0<\/p>\n<p>Durante las preguntas y respuestas, el comisionado del IFAI, tambi\u00e9n se pronunci\u00f3 a favor de que las declaraciones patrimoniales de los funcionarios de todos los niveles de gobierno sean p\u00fablicas; incluso se pronunci\u00f3 a favor de que exista una Ley de Declaraci\u00f3n de inter\u00e9s, ante posibles conflictos de este tipo; afirm\u00f3 que los ciudadanos tenemos derecho a tener acceso a esa informaci\u00f3n.<\/p>\n<p>\u00a0<\/p>\n<p>Es importante mencionar que dicha conferencia magistral fue organizada por el Instituto de Acceso a la informaci\u00f3n P\u00fablica Gubernamental de Hidalgo (IAIPGH), encabezada por Mart\u00edn Islas Fuentes, quien mencion\u00f3 que \u00e9sta conferencia es la primera de cuatro que organizar\u00e1 el organismo para impulsar los temas de transparencia en la entidad.<\/p>\n<p>\u00a0<\/p>\n<p>Coment\u00f3 que por parte del instituto ya tambi\u00e9n empiezan a coordinarse con el IFAI para participar en el pilotaje de Gobierno Abierto en la entidad, aunque acept\u00f3 que al momento no se tiene una fecha definida para empezar este programa.<\/p>\n<p>\u00a0<\/p>\n","protected":false},"excerpt":{"rendered":"<p>LA ENTIDAD SE ENCUENTRA EN LA MEDIA NACIONAL\u00a0 * Joel Salas Su\u00e1rez, comisionado del Instituto Federal de Acceso a la Informaci\u00f3n, puntualiz\u00f3 que el estado ser\u00e1 incluido en el plan piloto que impulsar un Gobierno Abierto<\/p>\n","protected":false},"author":93,"featured_media":0,"comment_status":"open","ping_status":"open","sticky":false,"template":"","format":"standard","meta":{"footnotes":""},"categories":[59],"tags":[],"class_list":["post-826","post","type-post","status-publish","format-standard","hentry","category-general"],"_links":{"self":[{"href":"https:\/\/plazajuarez.mx\/historico\/wp-json\/wp\/v2\/posts\/826","targetHints":{"allow":["GET"]}}],"collection":[{"href":"https:\/\/plazajuarez.mx\/historico\/wp-json\/wp\/v2\/posts"}],"about":[{"href":"https:\/\/plazajuarez.mx\/historico\/wp-json\/wp\/v2\/types\/post"}],"author":[{"embeddable":true,"href":"https:\/\/plazajuarez.mx\/historico\/wp-json\/wp\/v2\/users\/93"}],"replies":[{"embeddable":true,"href":"https:\/\/plazajuarez.mx\/historico\/wp-json\/wp\/v2\/comments?post=826"}],"version-history":[{"count":0,"href":"https:\/\/plazajuarez.mx\/historico\/wp-json\/wp\/v2\/posts\/826\/revisions"}],"wp:attachment":[{"href":"https:\/\/plazajuarez.mx\/historico\/wp-json\/wp\/v2\/media?parent=826"}],"wp:term":[{"taxonomy":"category","embeddable":true,"href":"https:\/\/plazajuarez.mx\/historico\/wp-json\/wp\/v2\/categories?post=826"},{"taxonomy":"post_tag","embeddable":true,"href":"https:\/\/plazajuarez.mx\/historico\/wp-json\/wp\/v2\/tags?post=826"}],"curies":[{"name":"wp","href":"https:\/\/api.w.org\/{rel}","templated":true}]}}