{"id":82439,"date":"2019-04-25T12:22:05","date_gmt":"2019-04-25T12:22:05","guid":{"rendered":"http:\/\/plazajuarez.mx\/index\/index.php\/2019\/04\/25\/nacio-rocco-el-bebe-de-odalys-y-patricio-borghetti\/"},"modified":"2019-04-25T12:22:05","modified_gmt":"2019-04-25T12:22:05","slug":"nacio-rocco-el-bebe-de-odalys-y-patricio-borghetti","status":"publish","type":"post","link":"https:\/\/plazajuarez.mx\/historico\/nacio-rocco-el-bebe-de-odalys-y-patricio-borghetti\/","title":{"rendered":"Naci\u00f3 Rocco, el beb\u00e9 de Odalys y Patricio Borghetti"},"content":{"rendered":"<p>Borghetti precis\u00f3 que tanto la conductora como su hijo est\u00e1n en perfecto estado de salud<\/p>\n<p>  <!--more-->  <\/p>\n<p>Odalys Ram\u00edrez dio a luz a su segundo hijo, Rocco, el mi\u00e9rcoles 24 de abril. Patricio Borghetti, anunci\u00f3 que el peque\u00f1o naci\u00f3 en punto de las 8:16 a.m.<br \/>El cantante argentino precis\u00f3 que tanto la conductora de \u2018Al aire con Paola\u2019 como Rocco est\u00e1n en perfecto estado de salud y que la familia Borghetti Ram\u00edrez est\u00e1 muy emocionada por la noticia.<br \/>\u201cSali\u00f3 todo s\u00faper bien, estoy todav\u00eda muy emocionado. Oda est\u00e1 muy bien, realmente fue un poquito largo porque pasamos la noche con contracciones, porque todav\u00eda no estaba lista. Pero una vez que comenz\u00f3 la labor de parto, real fueron seis minutos y nada incre\u00edble\u201d, coment\u00f3 el tambi\u00e9n presentador en un programa matutino.<br \/>Borghetti precis\u00f3 que Odalys Ram\u00edrez estuvo muy tranquila durante todo el trabajo de parto y que incluso \u00e9l estaba m\u00e1s nervioso que ella. Adem\u00e1s, detall\u00f3 que no par\u00f3 de llorar durante el nacimiento de Rocco.<br \/>\u201cRocco llega a una familia que lo va amar con todo lo que tiene, que nos amamos entre nosotros y que estamos muy emocionados por su llegada\u201d, recalc\u00f3.<br \/>Rocco es el segundo hijo de Odalys Ram\u00edrez y el argentino, quienes iniciaron su relaci\u00f3n en 2011. Pero su felicidad creci\u00f3 en marzo de 2016, cuando se convirtieron en padres de su hija Gia y ahora por fin completan su familia con el nacimiento del peque\u00f1o.<\/p>\n","protected":false},"excerpt":{"rendered":"<p>Borghetti precis\u00f3 que tanto la conductora como su hijo est\u00e1n en perfecto estado de salud<\/p>\n","protected":false},"author":93,"featured_media":0,"comment_status":"open","ping_status":"open","sticky":false,"template":"","format":"standard","meta":{"footnotes":""},"categories":[38],"tags":[],"class_list":["post-82439","post","type-post","status-publish","format-standard","hentry","category-show"],"_links":{"self":[{"href":"https:\/\/plazajuarez.mx\/historico\/wp-json\/wp\/v2\/posts\/82439","targetHints":{"allow":["GET"]}}],"collection":[{"href":"https:\/\/plazajuarez.mx\/historico\/wp-json\/wp\/v2\/posts"}],"about":[{"href":"https:\/\/plazajuarez.mx\/historico\/wp-json\/wp\/v2\/types\/post"}],"author":[{"embeddable":true,"href":"https:\/\/plazajuarez.mx\/historico\/wp-json\/wp\/v2\/users\/93"}],"replies":[{"embeddable":true,"href":"https:\/\/plazajuarez.mx\/historico\/wp-json\/wp\/v2\/comments?post=82439"}],"version-history":[{"count":0,"href":"https:\/\/plazajuarez.mx\/historico\/wp-json\/wp\/v2\/posts\/82439\/revisions"}],"wp:attachment":[{"href":"https:\/\/plazajuarez.mx\/historico\/wp-json\/wp\/v2\/media?parent=82439"}],"wp:term":[{"taxonomy":"category","embeddable":true,"href":"https:\/\/plazajuarez.mx\/historico\/wp-json\/wp\/v2\/categories?post=82439"},{"taxonomy":"post_tag","embeddable":true,"href":"https:\/\/plazajuarez.mx\/historico\/wp-json\/wp\/v2\/tags?post=82439"}],"curies":[{"name":"wp","href":"https:\/\/api.w.org\/{rel}","templated":true}]}}