{"id":823,"date":"2015-02-13T06:00:00","date_gmt":"2015-02-13T06:00:00","guid":{"rendered":"http:\/\/plazajuarez.mx\/index\/index.php\/2015\/02\/13\/menos-crecimiento-y-repunte-de-deuda-alerta-b-de-m\/"},"modified":"2015-02-13T06:00:00","modified_gmt":"2015-02-13T06:00:00","slug":"menos-crecimiento-y-repunte-de-deuda-alerta-b-de-m","status":"publish","type":"post","link":"https:\/\/plazajuarez.mx\/historico\/menos-crecimiento-y-repunte-de-deuda-alerta-b-de-m\/","title":{"rendered":"Menos crecimiento y repunte de deuda: alerta B de M"},"content":{"rendered":"<ul>\n<li><strong><strong>A esto, a\u00f1ade el efecto de la inseguridad p\u00fablica y el descontento social<\/strong><\/strong> <!--more--> <\/li>\n<\/ul>\n<p>M\u00e9xico, DF.- La disminuci\u00f3n en los precios del petr\u00f3leo y la ca\u00edda en la producci\u00f3n de crudo podr\u00edan afectar el crecimiento de la econom\u00eda este a\u00f1o, a lo que se a\u00f1ade el efecto de la inseguridad p\u00fablica y el descontento social, consider\u00f3 el Banco de M\u00e9xico.<\/p>\n<p>El banco central alert\u00f3 sobre el crecimiento de la deuda del sector p\u00fablico, un hecho que &#8220;no diferencia claramente de manera favorable a la econom\u00eda mexicana&#8221;. Por ello, plante\u00f3 la necesidad de que el gobierno federal cumpla con las metas de reducci\u00f3n del d\u00e9ficit fiscal, &#8220;lo que implicar\u00eda recortes al gasto p\u00fablico ante el compromiso de no subir impuestos&#8221;.<\/p>\n<p>La recuperaci\u00f3n del empleo, la mejor\u00eda de la confianza y las mayores remesas del exterior, entre otros factores, deber\u00edan estimular el crecimiento del consumo y la inversi\u00f3n privada, lo cual podr\u00eda verse reforzado por el inicio de proyectos derivados de la reforma energ\u00e9tica, de acuerdo con la minuta de la m\u00e1s reciente reuni\u00f3n de pol\u00edtica monetaria del banco central, publicada este jueves.<\/p>\n<p>La mayor\u00eda de los integrantes de la junta de gobierno destaco\u0301 que la trayectoria de los precios del petr\u00f3leo y la ca\u00edda en la plataforma de producci\u00f3n podr\u00edan afectar negativamente el crecimiento del PIB durante 2015. (Agencias)<\/p>\n","protected":false},"excerpt":{"rendered":"<p>A esto, a\u00f1ade el efecto de la inseguridad p\u00fablica y el descontento social<\/p>\n","protected":false},"author":93,"featured_media":0,"comment_status":"open","ping_status":"open","sticky":false,"template":"","format":"standard","meta":{"footnotes":""},"categories":[36],"tags":[],"class_list":["post-823","post","type-post","status-publish","format-standard","hentry","category-nacion"],"_links":{"self":[{"href":"https:\/\/plazajuarez.mx\/historico\/wp-json\/wp\/v2\/posts\/823","targetHints":{"allow":["GET"]}}],"collection":[{"href":"https:\/\/plazajuarez.mx\/historico\/wp-json\/wp\/v2\/posts"}],"about":[{"href":"https:\/\/plazajuarez.mx\/historico\/wp-json\/wp\/v2\/types\/post"}],"author":[{"embeddable":true,"href":"https:\/\/plazajuarez.mx\/historico\/wp-json\/wp\/v2\/users\/93"}],"replies":[{"embeddable":true,"href":"https:\/\/plazajuarez.mx\/historico\/wp-json\/wp\/v2\/comments?post=823"}],"version-history":[{"count":0,"href":"https:\/\/plazajuarez.mx\/historico\/wp-json\/wp\/v2\/posts\/823\/revisions"}],"wp:attachment":[{"href":"https:\/\/plazajuarez.mx\/historico\/wp-json\/wp\/v2\/media?parent=823"}],"wp:term":[{"taxonomy":"category","embeddable":true,"href":"https:\/\/plazajuarez.mx\/historico\/wp-json\/wp\/v2\/categories?post=823"},{"taxonomy":"post_tag","embeddable":true,"href":"https:\/\/plazajuarez.mx\/historico\/wp-json\/wp\/v2\/tags?post=823"}],"curies":[{"name":"wp","href":"https:\/\/api.w.org\/{rel}","templated":true}]}}