{"id":822,"date":"2015-02-13T06:00:00","date_gmt":"2015-02-13T06:00:00","guid":{"rendered":"http:\/\/plazajuarez.mx\/index\/index.php\/2015\/02\/13\/recorte-al-gasto-motivo-de-preocupacion-por-su-efecto-en-crecimiento-ve-por-mas\/"},"modified":"2015-02-13T06:00:00","modified_gmt":"2015-02-13T06:00:00","slug":"recorte-al-gasto-motivo-de-preocupacion-por-su-efecto-en-crecimiento-ve-por-mas","status":"publish","type":"post","link":"https:\/\/plazajuarez.mx\/historico\/recorte-al-gasto-motivo-de-preocupacion-por-su-efecto-en-crecimiento-ve-por-mas\/","title":{"rendered":"Recorte al gasto, motivo de preocupaci\u00f3n  por su efecto en crecimiento: Ve por M\u00e1s"},"content":{"rendered":"<p>M\u00e9xico, DF.- Gasto y la inversi\u00f3n del sector p\u00fablico tiene un efecto multiplicador en la econom\u00eda, por lo que el recorte presupuestal anunciado en enero reducir\u00e1 el crecimiento del producto interno bruto de 2015, asegur\u00f3 el grupo financiero Ve por M\u00e1s.<\/p>\n<p>  <!--more-->  <\/p>\n<p>\u00a0<\/p>\n<p>La reducci\u00f3n de 124 mil 300 millones de pesos en el presupuesto federal de este a\u00f1o, anunciada por la Secretar\u00eda de Hacienda el 30 de enero pasado, ocurri\u00f3 en un momento en que la econom\u00eda hab\u00eda terminado por asimilar el efecto del alza de los impuestos en 2014, apunt\u00f3 Carlos Ponce, director general adjunto de Ve por M\u00e1s.<\/p>\n<p>El recorte del gasto p\u00fablico para este a\u00f1o es motivo de preocupaci\u00f3n, por su efecto en el crecimiento, debido a que ya se hab\u00eda asimilado el efecto de la reforma fiscal sobre el gasto y la inversi\u00f3n; la actividad ven\u00eda mejorando y por eso llama la atenci\u00f3n la reducci\u00f3n del gasto, expuso.<\/p>\n<p>Ve por M\u00e1s prev\u00e9 que la econom\u00eda mexicana crezca 2.8 por ciento este a\u00f1o, un nivel inferior al pron\u00f3stico de 3.2 que el grupo financiero anticipaba antes del anuncio del recorte del gasto p\u00fablico, dijo Isaac Nolasco, gerente de econom\u00eda del intermediario financiero. (Agencias)<\/p>\n","protected":false},"excerpt":{"rendered":"<p>M\u00e9xico, DF.- Gasto y la inversi\u00f3n del sector p\u00fablico tiene un efecto multiplicador en la econom\u00eda, por lo que el recorte presupuestal anunciado en enero reducir\u00e1 el crecimiento del producto interno bruto de 2015, asegur\u00f3 el grupo financiero Ve por M\u00e1s.<\/p>\n","protected":false},"author":93,"featured_media":0,"comment_status":"open","ping_status":"open","sticky":false,"template":"","format":"standard","meta":{"footnotes":""},"categories":[36],"tags":[],"class_list":["post-822","post","type-post","status-publish","format-standard","hentry","category-nacion"],"_links":{"self":[{"href":"https:\/\/plazajuarez.mx\/historico\/wp-json\/wp\/v2\/posts\/822","targetHints":{"allow":["GET"]}}],"collection":[{"href":"https:\/\/plazajuarez.mx\/historico\/wp-json\/wp\/v2\/posts"}],"about":[{"href":"https:\/\/plazajuarez.mx\/historico\/wp-json\/wp\/v2\/types\/post"}],"author":[{"embeddable":true,"href":"https:\/\/plazajuarez.mx\/historico\/wp-json\/wp\/v2\/users\/93"}],"replies":[{"embeddable":true,"href":"https:\/\/plazajuarez.mx\/historico\/wp-json\/wp\/v2\/comments?post=822"}],"version-history":[{"count":0,"href":"https:\/\/plazajuarez.mx\/historico\/wp-json\/wp\/v2\/posts\/822\/revisions"}],"wp:attachment":[{"href":"https:\/\/plazajuarez.mx\/historico\/wp-json\/wp\/v2\/media?parent=822"}],"wp:term":[{"taxonomy":"category","embeddable":true,"href":"https:\/\/plazajuarez.mx\/historico\/wp-json\/wp\/v2\/categories?post=822"},{"taxonomy":"post_tag","embeddable":true,"href":"https:\/\/plazajuarez.mx\/historico\/wp-json\/wp\/v2\/tags?post=822"}],"curies":[{"name":"wp","href":"https:\/\/api.w.org\/{rel}","templated":true}]}}