{"id":82179,"date":"2019-04-21T14:16:11","date_gmt":"2019-04-21T14:16:11","guid":{"rendered":"http:\/\/plazajuarez.mx\/index\/index.php\/2019\/04\/21\/venganza-entre-grupos-criminales-posible-causa-de-ataque\/"},"modified":"2019-04-21T14:16:11","modified_gmt":"2019-04-21T14:16:11","slug":"venganza-entre-grupos-criminales-posible-causa-de-ataque","status":"publish","type":"post","link":"https:\/\/plazajuarez.mx\/historico\/venganza-entre-grupos-criminales-posible-causa-de-ataque\/","title":{"rendered":"Venganza entre grupos criminales, posible causa de ataque"},"content":{"rendered":"<p>\u00a0\u00a0\u00a0 \u2022\u00a0\u00a0 \u00a0Se habla de un posible pleito entre el &#8220;C\u00e1rtel Jalisco Nueva Generaci\u00f3n&#8221; y &#8220;Los Zetas&#8221;\u2028<\/p>\n<p>  <!--more-->  <\/p>\n<p>Las primeras investigaciones del ataque ocurrido en el sur de Veracruz, que dej\u00f3 14 personas muertas, apuntan a una posible venganza entre grupos criminales.<br \/>\u00a0<br \/>De acuerdo con fuentes cercanas a las indagatorias, una de las l\u00edneas es por una posible venganza en contra del due\u00f1o de la palapa &#8220;Los Potros&#8221;, en el municipio de Minatitl\u00e1n donde ocurrieron los hechos la noche del pasado viernes.<\/p>\n<p>Las mujeres, hombres y ni\u00f1os asesinados en el lugar fueron un da\u00f1o colateral por el posible pleito entre integrantes del &#8220;C\u00e1rtel Jalisco Nueva Generaci\u00f3n&#8221; y &#8220;Los Zetas&#8221;. <\/p>\n<p>Las indagatorias descubrieron que hace un par de d\u00edas, el &#8220;C\u00e1rtel Jalisco Nueva Generaci\u00f3n&#8221; habr\u00eda asesinado a un l\u00edder de &#8220;Los Zetas&#8221; en la regi\u00f3n sur de Veracruz. <\/p>\n<p>Aparentemente &#8220;Los Zetas&#8221; buscaban al due\u00f1o de la palapa &#8220;Los Potros&#8221;, identificado como Hebert Ricardo &#8220;N&#8221;, quien podr\u00eda tener v\u00ednculos con el &#8220;C\u00e1rtel Jalisco Nueva Generaci\u00f3n&#8221;. <br \/>&#8220;Iban por el due\u00f1o de la palapa y las personas ah\u00ed presentes intervinieron desat\u00e1ndose esa tragedia&#8221;, se\u00f1al\u00f3 una fuente cercana.<\/p>\n<p>Catorce personas fueron asesinadas (13 en el lugar y una en hospital) por un comando armado que irrumpi\u00f3 en una fiesta privada en la zona sur de Veracruz. <\/p>\n<p>Fue las 21:00 horas del viernes, cuando sujetos armados ingresaron a un restaurante donde se desarrollaba una fiesta en el municipio petrolero de Minatitl\u00e1n. <\/p>\n<p>Los sicarios ingresaron a la palapa ubicada en la colonia Obrera, donde -seg\u00fan los testigos- intentaban llevarse a un sujeto.<\/p>\n","protected":false},"excerpt":{"rendered":"<p>\u00a0\u00a0\u00a0 \u2022\u00a0\u00a0 \u00a0Se habla de un posible pleito entre el &#8220;C\u00e1rtel Jalisco Nueva Generaci\u00f3n&#8221; y &#8220;Los Zetas&#8221;\u2028<\/p>\n","protected":false},"author":93,"featured_media":0,"comment_status":"open","ping_status":"open","sticky":false,"template":"","format":"standard","meta":{"footnotes":""},"categories":[37],"tags":[],"class_list":["post-82179","post","type-post","status-publish","format-standard","hentry","category-barandilla"],"_links":{"self":[{"href":"https:\/\/plazajuarez.mx\/historico\/wp-json\/wp\/v2\/posts\/82179","targetHints":{"allow":["GET"]}}],"collection":[{"href":"https:\/\/plazajuarez.mx\/historico\/wp-json\/wp\/v2\/posts"}],"about":[{"href":"https:\/\/plazajuarez.mx\/historico\/wp-json\/wp\/v2\/types\/post"}],"author":[{"embeddable":true,"href":"https:\/\/plazajuarez.mx\/historico\/wp-json\/wp\/v2\/users\/93"}],"replies":[{"embeddable":true,"href":"https:\/\/plazajuarez.mx\/historico\/wp-json\/wp\/v2\/comments?post=82179"}],"version-history":[{"count":0,"href":"https:\/\/plazajuarez.mx\/historico\/wp-json\/wp\/v2\/posts\/82179\/revisions"}],"wp:attachment":[{"href":"https:\/\/plazajuarez.mx\/historico\/wp-json\/wp\/v2\/media?parent=82179"}],"wp:term":[{"taxonomy":"category","embeddable":true,"href":"https:\/\/plazajuarez.mx\/historico\/wp-json\/wp\/v2\/categories?post=82179"},{"taxonomy":"post_tag","embeddable":true,"href":"https:\/\/plazajuarez.mx\/historico\/wp-json\/wp\/v2\/tags?post=82179"}],"curies":[{"name":"wp","href":"https:\/\/api.w.org\/{rel}","templated":true}]}}