{"id":82173,"date":"2019-04-21T14:16:05","date_gmt":"2019-04-21T14:16:05","guid":{"rendered":"http:\/\/plazajuarez.mx\/index\/index.php\/2019\/04\/21\/menor-de-edad-y-5-policias-lesionados-en-batalla-campal\/"},"modified":"2019-04-21T14:16:05","modified_gmt":"2019-04-21T14:16:05","slug":"menor-de-edad-y-5-policias-lesionados-en-batalla-campal","status":"publish","type":"post","link":"https:\/\/plazajuarez.mx\/historico\/menor-de-edad-y-5-policias-lesionados-en-batalla-campal\/","title":{"rendered":"Menor de edad y 5 polic\u00edas lesionados en batalla campal"},"content":{"rendered":"<p>La trifulca se present\u00f3 la noche del viernes en el sexto d\u00eda de la \u201cFeria del Maguey y la Cebada, Apan 2019\u201d<\/p>\n<p>  <!--more-->  <\/p>\n<p>Cinco polic\u00edas municipales, resultaron lesionados al intervenir para intentar meter paz en una ri\u00f1a que corr\u00eda el riesgo de generalizarse. <br \/>En la misma trifulca, una menor de edad result\u00f3 lesionada de gravedad. <br \/>El incidente se present\u00f3 en el sexto d\u00eda de la \u201cFeria del Maguey y la Cebada, Apan 2019\u201d.<br \/>Los elementos de Seguridad P\u00fablica Municipal de Apan resultaron agredidos cuando intentaban separar a sujetos ebrios, quienes protagonizaban una ri\u00f1a campal, durante el baile popular celebrado en la explanada de la Presidencia Municipal, la noche del viernes.<br \/>La agresi\u00f3n a los polic\u00edas municipales fue realizada por m\u00e1s de 30 sujetos quienes se vieron envueltos en una batalla campal. <br \/>En esta ocasi\u00f3n, al notar la llegada de la Polic\u00eda Municipal, se enfocaron en agredir a los uniformados, quienes trataban de mediar y evitar que las familias que acudieron a presenciar un espect\u00e1culo musical salieran lastimadas, ya que en medio de la trifulca los mencionados sujetos aventaron botellas al aire.<\/p>\n","protected":false},"excerpt":{"rendered":"<p>La trifulca se present\u00f3 la noche del viernes en el sexto d\u00eda de la \u201cFeria del Maguey y la Cebada, Apan 2019\u201d<\/p>\n","protected":false},"author":93,"featured_media":0,"comment_status":"open","ping_status":"open","sticky":false,"template":"","format":"standard","meta":{"footnotes":""},"categories":[40],"tags":[],"class_list":["post-82173","post","type-post","status-publish","format-standard","hentry","category-region"],"_links":{"self":[{"href":"https:\/\/plazajuarez.mx\/historico\/wp-json\/wp\/v2\/posts\/82173","targetHints":{"allow":["GET"]}}],"collection":[{"href":"https:\/\/plazajuarez.mx\/historico\/wp-json\/wp\/v2\/posts"}],"about":[{"href":"https:\/\/plazajuarez.mx\/historico\/wp-json\/wp\/v2\/types\/post"}],"author":[{"embeddable":true,"href":"https:\/\/plazajuarez.mx\/historico\/wp-json\/wp\/v2\/users\/93"}],"replies":[{"embeddable":true,"href":"https:\/\/plazajuarez.mx\/historico\/wp-json\/wp\/v2\/comments?post=82173"}],"version-history":[{"count":0,"href":"https:\/\/plazajuarez.mx\/historico\/wp-json\/wp\/v2\/posts\/82173\/revisions"}],"wp:attachment":[{"href":"https:\/\/plazajuarez.mx\/historico\/wp-json\/wp\/v2\/media?parent=82173"}],"wp:term":[{"taxonomy":"category","embeddable":true,"href":"https:\/\/plazajuarez.mx\/historico\/wp-json\/wp\/v2\/categories?post=82173"},{"taxonomy":"post_tag","embeddable":true,"href":"https:\/\/plazajuarez.mx\/historico\/wp-json\/wp\/v2\/tags?post=82173"}],"curies":[{"name":"wp","href":"https:\/\/api.w.org\/{rel}","templated":true}]}}