{"id":82172,"date":"2019-04-21T14:16:05","date_gmt":"2019-04-21T14:16:05","guid":{"rendered":"http:\/\/plazajuarez.mx\/index\/index.php\/2019\/04\/21\/esta-vez-la-paz-no-se-presento-en-la-feria\/"},"modified":"2019-04-21T14:16:05","modified_gmt":"2019-04-21T14:16:05","slug":"esta-vez-la-paz-no-se-presento-en-la-feria","status":"publish","type":"post","link":"https:\/\/plazajuarez.mx\/historico\/esta-vez-la-paz-no-se-presento-en-la-feria\/","title":{"rendered":"Esta vez la paz no se present\u00f3 en la feria"},"content":{"rendered":"<p>La menor lesionada s\u00f3lo tiene cuatro a\u00f1os<br \/>\u00a0\u00a0 \u00a0\u2022\u00a0\u00a0 \u00a0La situaci\u00f3n se sali\u00f3 tan de control que hubo necesidad de usar gases lacrim\u00f3genos \u2028<\/p>\n<p>  <!--more-->  <\/p>\n<p>La situaci\u00f3n, la noche del viernes en la \u201cFeria del Maguey y la Cebada, Apan 2019\u201d, se sali\u00f3 totalmente de control. Hubo necesidad de que los polic\u00edas municipales lanzaran gas lacrim\u00f3geno, para dispersar a los rijosos, la mayor\u00eda de los cuales se encontraban en estado de ebriedad.<br \/>Por otra parte, la menor identificada como Mar\u00eda O.C., de cuatro a\u00f1os de edad, result\u00f3 lesionada cuando una l\u00e1mpara del alumbrado p\u00fablico, se desprendi\u00f3 de la base en que se encontraba sujeta. Al caer la base cay\u00f3 en la cabeza a la ni\u00f1a.<br \/>Los param\u00e9dicos de Protecci\u00f3n Civil del municipio, quienes atendieron a la peque\u00f1a, se percataron que una de las lonas de un stand de venta cerveza, irresponsablemente hab\u00eda sido amarrada a la base de la l\u00e1mpara, lo que ocasion\u00f3 que con el simple viento \u00e9sta se liberara de su amarre, cayendo primero en una lona, para terminar impactando en la cabeza de la menor.<br \/>Los param\u00e9dicos al ver la gravedad de la lesi\u00f3n, decidieron trasladarla al Hospital Regional del Altiplano, quienes a su vez la canalizaron al hospital de la Beneficencia \u00a0Espa\u00f1ola, ya que la lesi\u00f3n que ten\u00eda la menor en la cabeza, posiblemente fuera una fractura.<br \/>Vale recordar que en la presentaci\u00f3n de todo tipo de ferias que en el estado de Hidalgo se ofrecen, lo primero que se dice es que se vivir\u00e1 un ambiente familiar, sin embargo, lo ocurrido en esta celebraci\u00f3n incumpli\u00f3 lo prometido.<br \/>Por su parte, la alcaldesa Mar\u00eda Antonieta de los \u00c1ngeles Anaya, busc\u00f3 al concesionario de la feria, para que se hiciera responsable de los gastos m\u00e9dicos, ya que su falta de supervisi\u00f3n a las instalaciones origin\u00f3 que se provocara tan grave accidente.<br \/>Asimismo, la presidenta municipal indic\u00f3 que tanto el Sistema DIF del Estado, como del Gobierno estatal han estado al pendiente de la evoluci\u00f3n del estado de salud de la menor, para que en caso de ser necesario reciba atenci\u00f3n m\u00e9dica especializada.<\/p>\n","protected":false},"excerpt":{"rendered":"<p>La menor lesionada s\u00f3lo tiene cuatro a\u00f1os\u00a0\u00a0 \u00a0\u2022\u00a0\u00a0 \u00a0La situaci\u00f3n se sali\u00f3 tan de control que hubo necesidad de usar gases lacrim\u00f3genos \u2028<\/p>\n","protected":false},"author":93,"featured_media":0,"comment_status":"open","ping_status":"open","sticky":false,"template":"","format":"standard","meta":{"footnotes":""},"categories":[40],"tags":[],"class_list":["post-82172","post","type-post","status-publish","format-standard","hentry","category-region"],"_links":{"self":[{"href":"https:\/\/plazajuarez.mx\/historico\/wp-json\/wp\/v2\/posts\/82172","targetHints":{"allow":["GET"]}}],"collection":[{"href":"https:\/\/plazajuarez.mx\/historico\/wp-json\/wp\/v2\/posts"}],"about":[{"href":"https:\/\/plazajuarez.mx\/historico\/wp-json\/wp\/v2\/types\/post"}],"author":[{"embeddable":true,"href":"https:\/\/plazajuarez.mx\/historico\/wp-json\/wp\/v2\/users\/93"}],"replies":[{"embeddable":true,"href":"https:\/\/plazajuarez.mx\/historico\/wp-json\/wp\/v2\/comments?post=82172"}],"version-history":[{"count":0,"href":"https:\/\/plazajuarez.mx\/historico\/wp-json\/wp\/v2\/posts\/82172\/revisions"}],"wp:attachment":[{"href":"https:\/\/plazajuarez.mx\/historico\/wp-json\/wp\/v2\/media?parent=82172"}],"wp:term":[{"taxonomy":"category","embeddable":true,"href":"https:\/\/plazajuarez.mx\/historico\/wp-json\/wp\/v2\/categories?post=82172"},{"taxonomy":"post_tag","embeddable":true,"href":"https:\/\/plazajuarez.mx\/historico\/wp-json\/wp\/v2\/tags?post=82172"}],"curies":[{"name":"wp","href":"https:\/\/api.w.org\/{rel}","templated":true}]}}