{"id":82171,"date":"2019-04-21T14:16:03","date_gmt":"2019-04-21T14:16:03","guid":{"rendered":"http:\/\/plazajuarez.mx\/index\/index.php\/2019\/04\/21\/presunto-suicidio-de-interno-en-penal-de-tulancingo\/"},"modified":"2019-04-21T14:16:03","modified_gmt":"2019-04-21T14:16:03","slug":"presunto-suicidio-de-interno-en-penal-de-tulancingo","status":"publish","type":"post","link":"https:\/\/plazajuarez.mx\/historico\/presunto-suicidio-de-interno-en-penal-de-tulancingo\/","title":{"rendered":"Presunto suicidio de interno en penal de Tulancingo"},"content":{"rendered":"<p>\u00a0\u00a0\u00a0 \u2022\u00a0\u00a0 \u00a0Purgaba condena por feminicidio, desde 2017\u2028<br \/>Estaba sentenciado a 43 a\u00f1os 9 meses de prisi\u00f3n<\/p>\n<p>  <!--more-->  <\/p>\n<p>En plena Semana Santo, m\u00e1s espec\u00edficamente en Viernes Santo, un interno del Centro de Reinserci\u00f3n Social (Cereso) de Tulancingo, presuntamente se quit\u00f3 la vida, ahorc\u00e1ndose, al interior de una bodega, dentro de la capilla, de este centro penitenciario.<br \/>El ahora occiso fue encontrado colgado de un lazo sujetado a su cuello, detr\u00e1s de la puerta de la mencionada bodega. Fue identificado con el nombre cuyas iniciales son E. J. H. P. Ten\u00eda 51 a\u00f1os de edad.<br \/>La Secretar\u00eda de Seguridad P\u00fablica de Hidalgo (SSPH) confirm\u00f3 el deceso e inform\u00f3 que el interno ingres\u00f3 el 31 de mayo de 2017 por el delito de feminicidio, y que fue sentenciado a 43 a\u00f1os 9 meses de prisi\u00f3n.<br \/>Por este hecho se solicit\u00f3 la presencia de personal de la Procuradur\u00eda General de Justicia de Hidalgo (PGJEH), con el objetivo de llevar a cabo las diligencias correspondientes.<br \/>Igualmente, fue requerida la presencia de los servicios funerarios para el traslado del cuerpo, y la realizaci\u00f3n de la necropsia correspondiente. <br \/>Del 2013 a febrero del 2019 en Hidalgo se tiene un registro de 200 mujeres sin vida de los cuales 54 asesinatos se registraron tan s\u00f3lo el a\u00f1o pasado, denunci\u00f3 la directora ejecutiva de esta organizaci\u00f3n Diana Avil\u00e9s.<\/p>\n","protected":false},"excerpt":{"rendered":"<p>\u00a0\u00a0\u00a0 \u2022\u00a0\u00a0 \u00a0Purgaba condena por feminicidio, desde 2017\u2028Estaba sentenciado a 43 a\u00f1os 9 meses de prisi\u00f3n<\/p>\n","protected":false},"author":93,"featured_media":0,"comment_status":"open","ping_status":"open","sticky":false,"template":"","format":"standard","meta":{"footnotes":""},"categories":[40],"tags":[],"class_list":["post-82171","post","type-post","status-publish","format-standard","hentry","category-region"],"_links":{"self":[{"href":"https:\/\/plazajuarez.mx\/historico\/wp-json\/wp\/v2\/posts\/82171","targetHints":{"allow":["GET"]}}],"collection":[{"href":"https:\/\/plazajuarez.mx\/historico\/wp-json\/wp\/v2\/posts"}],"about":[{"href":"https:\/\/plazajuarez.mx\/historico\/wp-json\/wp\/v2\/types\/post"}],"author":[{"embeddable":true,"href":"https:\/\/plazajuarez.mx\/historico\/wp-json\/wp\/v2\/users\/93"}],"replies":[{"embeddable":true,"href":"https:\/\/plazajuarez.mx\/historico\/wp-json\/wp\/v2\/comments?post=82171"}],"version-history":[{"count":0,"href":"https:\/\/plazajuarez.mx\/historico\/wp-json\/wp\/v2\/posts\/82171\/revisions"}],"wp:attachment":[{"href":"https:\/\/plazajuarez.mx\/historico\/wp-json\/wp\/v2\/media?parent=82171"}],"wp:term":[{"taxonomy":"category","embeddable":true,"href":"https:\/\/plazajuarez.mx\/historico\/wp-json\/wp\/v2\/categories?post=82171"},{"taxonomy":"post_tag","embeddable":true,"href":"https:\/\/plazajuarez.mx\/historico\/wp-json\/wp\/v2\/tags?post=82171"}],"curies":[{"name":"wp","href":"https:\/\/api.w.org\/{rel}","templated":true}]}}