{"id":82170,"date":"2019-04-21T14:16:02","date_gmt":"2019-04-21T14:16:02","guid":{"rendered":"http:\/\/plazajuarez.mx\/index\/index.php\/2019\/04\/21\/dedica-arzobispo-su-reflexion-de-viacrucis-a-los-jovenes\/"},"modified":"2019-04-21T14:16:02","modified_gmt":"2019-04-21T14:16:02","slug":"dedica-arzobispo-su-reflexion-de-viacrucis-a-los-jovenes","status":"publish","type":"post","link":"https:\/\/plazajuarez.mx\/historico\/dedica-arzobispo-su-reflexion-de-viacrucis-a-los-jovenes\/","title":{"rendered":"Dedica arzobispo su reflexi\u00f3n de Viacrucis a los j\u00f3venes"},"content":{"rendered":"<p>Exhort\u00f3 a defender las causas justas<br \/>\u00a0\u00a0 \u00a0\u2022\u00a0\u00a0 \u00a0Domingo D\u00edaz Mart\u00ednez tambi\u00e9n destac\u00f3 el valor de la mujer y la vida a lo largo de las 14 estaciones este Viernes Santo.\u2028<br \/>\u201cNo hemos defendido a los j\u00f3venes de la droga, ni a los pobres de las injusticias\u201d<\/p>\n<p>  <!--more-->  <\/p>\n<p>Desde las primeras horas del pasado Viernes Santo, el arzobispo de Tulancingo comenz\u00f3 el recorrido que encabez\u00f3 por las 14 estaciones del Viacrucis que parti\u00f3 de Catedral y continu\u00f3 por las principales calles de la sede metropolitana.<br \/>En la primera estaci\u00f3n marc\u00f3 su ofrecimiento, pues reflexion\u00f3: \u201cNo hemos defendido a los j\u00f3venes de la droga, ni a los pobres de las injusticias\u201d; luego exhort\u00f3 a defender las causas justas.<br \/>Del S\u00ednodo de los Obispos, celebrado en octubre pasado, eman\u00f3 una exhortaci\u00f3n del Papa que lleva por nombre Christus Vivit, la cual contiene sugerencias y posturas respecto a diferentes situaciones sociales a las que se enfrenta el sector de la sociedad que es mayor\u00eda a nivel mundial.<br \/>Ante ello, Monse\u00f1or Domingo D\u00edaz Mart\u00ednez centr\u00f3 sus reflexiones del V\u00eda Crucis en los j\u00f3venes, a quienes sugiri\u00f3 dejarse ayudar por el Cirineo actual de la Iglesia: <br \/>\u201cSe llama Pastoral Juvenil, luchemos para que este Cirineo siempre exista en nuestra parroquia y les brinde ayuda en su caminar diario\u201d.<br \/>No obstante, exhort\u00f3 a las m\u00e1s de 500 personas que lo acompa\u00f1aron desde las 8:00 horas, pedirle a Dios: \u201cque nos regale j\u00f3venes l\u00edderes, valientes y con sentimiento de amor por los que sufren\u201d.<br \/>Pero tambi\u00e9n, como una obra de la cual no se espere otra recompensa que no sea el Reino de los Cielos, no ser motivo de que los j\u00f3venes \u201ccaigan en vicios, maldad y pobreza\u201d.<br \/>\u201cLimpiemos el rostro de los j\u00f3venes, y entonces recibiremos una recompensa si nos acercamos al que sufre, lo alentamos y lo ayudamos\u201d, concluy\u00f3.<br \/>El Viacrucis que se realiza por las calles del centro de Tulancingo concluy\u00f3 sin novedad, de acuerdo con organizadores y autoridades locales. <\/p>\n","protected":false},"excerpt":{"rendered":"<p>Exhort\u00f3 a defender las causas justas\u00a0\u00a0 \u00a0\u2022\u00a0\u00a0 \u00a0Domingo D\u00edaz Mart\u00ednez tambi\u00e9n destac\u00f3 el valor de la mujer y la vida a lo largo de las 14 estaciones este Viernes Santo.\u2028\u201cNo hemos defendido a los j\u00f3venes de la droga, ni a los pobres de las injusticias\u201d<\/p>\n","protected":false},"author":93,"featured_media":0,"comment_status":"open","ping_status":"open","sticky":false,"template":"","format":"standard","meta":{"footnotes":""},"categories":[40],"tags":[],"class_list":["post-82170","post","type-post","status-publish","format-standard","hentry","category-region"],"_links":{"self":[{"href":"https:\/\/plazajuarez.mx\/historico\/wp-json\/wp\/v2\/posts\/82170","targetHints":{"allow":["GET"]}}],"collection":[{"href":"https:\/\/plazajuarez.mx\/historico\/wp-json\/wp\/v2\/posts"}],"about":[{"href":"https:\/\/plazajuarez.mx\/historico\/wp-json\/wp\/v2\/types\/post"}],"author":[{"embeddable":true,"href":"https:\/\/plazajuarez.mx\/historico\/wp-json\/wp\/v2\/users\/93"}],"replies":[{"embeddable":true,"href":"https:\/\/plazajuarez.mx\/historico\/wp-json\/wp\/v2\/comments?post=82170"}],"version-history":[{"count":0,"href":"https:\/\/plazajuarez.mx\/historico\/wp-json\/wp\/v2\/posts\/82170\/revisions"}],"wp:attachment":[{"href":"https:\/\/plazajuarez.mx\/historico\/wp-json\/wp\/v2\/media?parent=82170"}],"wp:term":[{"taxonomy":"category","embeddable":true,"href":"https:\/\/plazajuarez.mx\/historico\/wp-json\/wp\/v2\/categories?post=82170"},{"taxonomy":"post_tag","embeddable":true,"href":"https:\/\/plazajuarez.mx\/historico\/wp-json\/wp\/v2\/tags?post=82170"}],"curies":[{"name":"wp","href":"https:\/\/api.w.org\/{rel}","templated":true}]}}