{"id":81923,"date":"2019-04-15T04:14:52","date_gmt":"2019-04-15T04:14:52","guid":{"rendered":"http:\/\/plazajuarez.mx\/index\/index.php\/2019\/04\/15\/kim-y-trump-abren-la-puerta-a-otra-cumbre\/"},"modified":"2019-04-15T04:14:52","modified_gmt":"2019-04-15T04:14:52","slug":"kim-y-trump-abren-la-puerta-a-otra-cumbre","status":"publish","type":"post","link":"https:\/\/plazajuarez.mx\/historico\/kim-y-trump-abren-la-puerta-a-otra-cumbre\/","title":{"rendered":"\u2028Kim y Trump abren la puerta a otra cumbre"},"content":{"rendered":"<p>SOBRE DESNUCLEARIZACI\u00d3N <br \/>\u00a0\u00a0 \u00a0\u2022\u00a0\u00a0 \u00a0El presidente estadounidense destac\u00f3 la excelente relaci\u00f3n entre ambos\u2028<\/p>\n<p>  <!--more-->  <\/p>\n<p>Washington.\u2014 El presidente estadounidense, Donald Trump, retom\u00f3 el fin de semana la idea de una posible tercera cumbre con el l\u00edder de Corea del Norte, Kim Jong-un, al destacar la \u201cexcelente\u201d relaci\u00f3n entre ambos, seis semanas despu\u00e9s de su fracasado encuentro en Han\u00f3i.<\/p>\n<p>El republicano envi\u00f3 su mensaje en Twitter, despu\u00e9s de que el hombre fuerte de Pyongyang se mostr\u00f3 favorable a un tercer encuentro con el mandatario estadounidense y se refiri\u00f3 a una relaci\u00f3n fuerte entre ellos: \u201cEstoy de acuerdo con Kim Jong-un, de Corea del Norte, en que nuestra relaci\u00f3n personal sigue siendo muy buena, quiz\u00e1 puede ser incluso m\u00e1s preciso el t\u00e9rmino excelente, y una tercera cumbre ser\u00eda buena para entender por completo d\u00f3nde est\u00e1 parado cada uno de nosotros\u201d, dijo con entusiasmo.<\/p>\n<p>El segundo encuentro entre los dos mandatarios en febrero pasado en Han\u00f3i, Vietnam, termin\u00f3 en un fracaso, especialmente alrededor del tema del levantamiento de las sanciones reclamado por el r\u00e9gimen de Corea del Norte.<\/p>\n<p>La cita de Vietnam \u201cplante\u00f3 una gran duda sobre si hac\u00edamos bien al dar los pasos con decisi\u00f3n estrat\u00e9gica, resoluci\u00f3n valiente y vigilancia evocadora sobre si la verdadera voluntad de Estados Unidos era mejorar las relaciones con la RPDC\u201d, dijo Kim, usando el acr\u00f3nimo de nombre oficial del pa\u00eds: Rep\u00fablica Popular Democr\u00e1tica de Corea.<\/p>\n<p>\u201cEsperaremos con paciencia una decisi\u00f3n valiente de Estados Unidos hasta fin de este a\u00f1o, pero creo que, al final, ser\u00e1 dif\u00edcil tener una oportunidad tan buena como la cumbre anterior\u201d, arm\u00f3 Kim.<\/p>\n","protected":false},"excerpt":{"rendered":"<p>SOBRE DESNUCLEARIZACI\u00d3N \u00a0\u00a0 \u00a0\u2022\u00a0\u00a0 \u00a0El presidente estadounidense destac\u00f3 la excelente relaci\u00f3n entre ambos\u2028<\/p>\n","protected":false},"author":93,"featured_media":0,"comment_status":"open","ping_status":"open","sticky":false,"template":"","format":"standard","meta":{"footnotes":""},"categories":[31],"tags":[],"class_list":["post-81923","post","type-post","status-publish","format-standard","hentry","category-orbe"],"_links":{"self":[{"href":"https:\/\/plazajuarez.mx\/historico\/wp-json\/wp\/v2\/posts\/81923","targetHints":{"allow":["GET"]}}],"collection":[{"href":"https:\/\/plazajuarez.mx\/historico\/wp-json\/wp\/v2\/posts"}],"about":[{"href":"https:\/\/plazajuarez.mx\/historico\/wp-json\/wp\/v2\/types\/post"}],"author":[{"embeddable":true,"href":"https:\/\/plazajuarez.mx\/historico\/wp-json\/wp\/v2\/users\/93"}],"replies":[{"embeddable":true,"href":"https:\/\/plazajuarez.mx\/historico\/wp-json\/wp\/v2\/comments?post=81923"}],"version-history":[{"count":0,"href":"https:\/\/plazajuarez.mx\/historico\/wp-json\/wp\/v2\/posts\/81923\/revisions"}],"wp:attachment":[{"href":"https:\/\/plazajuarez.mx\/historico\/wp-json\/wp\/v2\/media?parent=81923"}],"wp:term":[{"taxonomy":"category","embeddable":true,"href":"https:\/\/plazajuarez.mx\/historico\/wp-json\/wp\/v2\/categories?post=81923"},{"taxonomy":"post_tag","embeddable":true,"href":"https:\/\/plazajuarez.mx\/historico\/wp-json\/wp\/v2\/tags?post=81923"}],"curies":[{"name":"wp","href":"https:\/\/api.w.org\/{rel}","templated":true}]}}