{"id":81921,"date":"2019-04-15T04:13:40","date_gmt":"2019-04-15T04:13:40","guid":{"rendered":"http:\/\/plazajuarez.mx\/index\/index.php\/2019\/04\/15\/pompeo-visita-albergue-y-paso-fronterizo-entre-colombia-y-venezuela\/"},"modified":"2019-04-15T04:13:40","modified_gmt":"2019-04-15T04:13:40","slug":"pompeo-visita-albergue-y-paso-fronterizo-entre-colombia-y-venezuela","status":"publish","type":"post","link":"https:\/\/plazajuarez.mx\/historico\/pompeo-visita-albergue-y-paso-fronterizo-entre-colombia-y-venezuela\/","title":{"rendered":"Pompeo visita albergue y paso fronterizo entre Colombia y Venezuela"},"content":{"rendered":"<p>SE MANTIENE LA INCERTIDUMBRE<br \/>\u00a0\u00a0 \u00a0\u2022\u00a0\u00a0 \u00a0El secretario de Estado de EU lleg\u00f3 a C\u00facuta la tarde del domingo\u2028<\/p>\n<p>  <!--more-->  <\/p>\n<p>El secretario de Estado de Estados Unidos, Mike Pompeo, visit\u00f3 este domingo un albergue y el puente internacional Sim\u00f3n Bol\u00edvar, principal paso fronterizo de Colombia con Venezuela, donde en compa\u00f1\u00eda del presidente Iv\u00e1n Duque pudo aproximarse a la crisis del pa\u00eds suramericano.<\/p>\n<p>Pompeo, que lleg\u00f3 ayer a C\u00facuta, capital del departamento colombiano de Norte de Santander, se dirigi\u00f3 primero a un albergue que acoge a inmigrantes venezolanos, donde se encontr\u00f3 con Duque y su vicepresidenta, Marta Luc\u00eda Ram\u00edrez, as\u00ed como con Humberto Calder\u00f3n Berti, embajador en Colombia del que es considerado presidente interino de Venezuela, Juan Guaid\u00f3.<\/p>\n<p>Al finalizar el recorrido por el albergue, Pompeo firm\u00f3 un mural de visitantes en el que escribi\u00f3 en ingl\u00e9s &#8220;Blessings to you all&#8221; (Bendiciones para todos). Debajo firm\u00f3 Duque con la frase: &#8220;Estamos unidos con solidaridad y afecto&#8221;.<\/p>\n<p>Posteriormente la comitiva se traslad\u00f3 al puente Sim\u00f3n Bol\u00edvar, que conecta a C\u00facuta con la ciudad venezolana de San Antonio del T\u00e1chira, donde en medio de una nube de periodistas y de guardaespaldas con escudos blindados recorrieron el lado colombiano y escucharon gritos de &#8220;libertad, libertad&#8221; de una multitud de venezolanos.<\/p>\n<p>Una vez finalizado el recorrido por el puente Sim\u00f3n Bol\u00edvar, Pompeo y Duque se trasladaron a las bodegas que almacenan ayuda humanitaria, enviada en su mayor parte por el Gobierno de Estados Unidos, en el lado colombiano del puente de Tienditas.<\/p>\n<p>C\u00facuta es la etapa de cierre de una gira de Pompeo por Sudam\u00e9rica centrada en la crisis de Venezuela y que lo llev\u00f3 adem\u00e1s a Chile, Paraguay y Per\u00fa.<\/p>\n","protected":false},"excerpt":{"rendered":"<p>SE MANTIENE LA INCERTIDUMBRE\u00a0\u00a0 \u00a0\u2022\u00a0\u00a0 \u00a0El secretario de Estado de EU lleg\u00f3 a C\u00facuta la tarde del domingo\u2028<\/p>\n","protected":false},"author":93,"featured_media":0,"comment_status":"open","ping_status":"open","sticky":false,"template":"","format":"standard","meta":{"footnotes":""},"categories":[31],"tags":[],"class_list":["post-81921","post","type-post","status-publish","format-standard","hentry","category-orbe"],"_links":{"self":[{"href":"https:\/\/plazajuarez.mx\/historico\/wp-json\/wp\/v2\/posts\/81921","targetHints":{"allow":["GET"]}}],"collection":[{"href":"https:\/\/plazajuarez.mx\/historico\/wp-json\/wp\/v2\/posts"}],"about":[{"href":"https:\/\/plazajuarez.mx\/historico\/wp-json\/wp\/v2\/types\/post"}],"author":[{"embeddable":true,"href":"https:\/\/plazajuarez.mx\/historico\/wp-json\/wp\/v2\/users\/93"}],"replies":[{"embeddable":true,"href":"https:\/\/plazajuarez.mx\/historico\/wp-json\/wp\/v2\/comments?post=81921"}],"version-history":[{"count":0,"href":"https:\/\/plazajuarez.mx\/historico\/wp-json\/wp\/v2\/posts\/81921\/revisions"}],"wp:attachment":[{"href":"https:\/\/plazajuarez.mx\/historico\/wp-json\/wp\/v2\/media?parent=81921"}],"wp:term":[{"taxonomy":"category","embeddable":true,"href":"https:\/\/plazajuarez.mx\/historico\/wp-json\/wp\/v2\/categories?post=81921"},{"taxonomy":"post_tag","embeddable":true,"href":"https:\/\/plazajuarez.mx\/historico\/wp-json\/wp\/v2\/tags?post=81921"}],"curies":[{"name":"wp","href":"https:\/\/api.w.org\/{rel}","templated":true}]}}