{"id":81920,"date":"2019-04-15T04:13:39","date_gmt":"2019-04-15T04:13:39","guid":{"rendered":"http:\/\/plazajuarez.mx\/index\/index.php\/2019\/04\/15\/piden-en-reino-unido-extraditar-a-assange-a-suecia\/"},"modified":"2019-04-15T04:13:39","modified_gmt":"2019-04-15T04:13:39","slug":"piden-en-reino-unido-extraditar-a-assange-a-suecia","status":"publish","type":"post","link":"https:\/\/plazajuarez.mx\/historico\/piden-en-reino-unido-extraditar-a-assange-a-suecia\/","title":{"rendered":"\u2028Piden en Reino Unido extraditar a Assange a Suecia"},"content":{"rendered":"<p>PARA \u2018CULMINAR INVESTIGACIONES\u2019<br \/>\u00a0\u00a0 \u00a0\u2022\u00a0\u00a0 \u00a0La misiva precisa que \u201cla acusaci\u00f3n de violaci\u00f3n tiene un l\u00edmite de tiempo que expira en agosto de 2020\u201d\u2028<\/p>\n<p>  <!--more-->  <\/p>\n<p>Londres.\u2014 M\u00e1s de 70 parlamentarios brit\u00e1nicos firmaron una carta en la que piden al gobierno hacer \u201ctodo lo posible\u201d para permitir la extradici\u00f3n de Julian Assange a Suecia, si las autoridades de ese pa\u00eds la solicitan.<br \/>El fundador de WikiLeaks fue detenido el jueves en la embajada de Ecuador en Londres, donde hab\u00eda encontrado asilo hace siete a\u00f1os para escapar a una orden de detenci\u00f3n brit\u00e1nica por acusaciones de violaci\u00f3n y agresi\u00f3n sexual en Suecia, que Assange siempre ha negado.<br \/>El australiano de 47 a\u00f1os fue igualmente detenido en relaci\u00f3n a una orden de extradici\u00f3n de Estados Unidos, que le considera una amenaza para su seguridad y quiere juzgarlo. Los diputados quieren que el ministro brit\u00e1nico de Interior, Sajid Javid, d\u00e9 prioridad a la posible solicitud de extradici\u00f3n a Suecia.<br \/>\u201cLe escribimos para pedirle que haga todo lo posible para apoyar una acci\u00f3n que garantizar\u00e1 que Julian Assange pueda ser extraditado a Suecia en el caso de que Suecia solicite la extradici\u00f3n\u201d, escriben estos parlamentarios y lords en una carta enviada al ministro y compartida en Twitter por la laborista Stella Creasy.<br \/>\u201cEsto permitir\u00eda cerrar la investigaci\u00f3n sobre una acusaci\u00f3n de violaci\u00f3n y, si es adecuado, presentar cargos y celebrar un juicio\u201d, a\u00f1aden. Los parlamentarios, que aseguran a su vez que esto \u201cno presupone la culpabilidad\u201d de Assange, consideran que la denunciante deber\u00eda \u201cver que se hace justicia\u201d. <br \/>Tambi\u00e9n ayer se inform\u00f3 que un juez de Ecuador orden\u00f3 prisi\u00f3n preventiva para un sueco, que seg\u00fan el gobierno era muy cercano a WikiLeaks, por su presunta participaci\u00f3n en el ataque a la integridad de sistemas inform\u00e1ticos.<br \/>Ola Bini, quien resid\u00eda en Ecuador desde hace cinco a\u00f1os, fue detenido el jueves en el aeropuerto de Quito cuando iba a viajar a Jap\u00f3n, luego de que la ministra del Interior denunciara que tres cuidados extranjeros estaban filtrando informaci\u00f3n privada del pa\u00eds andino.<\/p>\n","protected":false},"excerpt":{"rendered":"<p>PARA \u2018CULMINAR INVESTIGACIONES\u2019\u00a0\u00a0 \u00a0\u2022\u00a0\u00a0 \u00a0La misiva precisa que \u201cla acusaci\u00f3n de violaci\u00f3n tiene un l\u00edmite de tiempo que expira en agosto de 2020\u201d\u2028<\/p>\n","protected":false},"author":93,"featured_media":0,"comment_status":"open","ping_status":"open","sticky":false,"template":"","format":"standard","meta":{"footnotes":""},"categories":[31],"tags":[],"class_list":["post-81920","post","type-post","status-publish","format-standard","hentry","category-orbe"],"_links":{"self":[{"href":"https:\/\/plazajuarez.mx\/historico\/wp-json\/wp\/v2\/posts\/81920","targetHints":{"allow":["GET"]}}],"collection":[{"href":"https:\/\/plazajuarez.mx\/historico\/wp-json\/wp\/v2\/posts"}],"about":[{"href":"https:\/\/plazajuarez.mx\/historico\/wp-json\/wp\/v2\/types\/post"}],"author":[{"embeddable":true,"href":"https:\/\/plazajuarez.mx\/historico\/wp-json\/wp\/v2\/users\/93"}],"replies":[{"embeddable":true,"href":"https:\/\/plazajuarez.mx\/historico\/wp-json\/wp\/v2\/comments?post=81920"}],"version-history":[{"count":0,"href":"https:\/\/plazajuarez.mx\/historico\/wp-json\/wp\/v2\/posts\/81920\/revisions"}],"wp:attachment":[{"href":"https:\/\/plazajuarez.mx\/historico\/wp-json\/wp\/v2\/media?parent=81920"}],"wp:term":[{"taxonomy":"category","embeddable":true,"href":"https:\/\/plazajuarez.mx\/historico\/wp-json\/wp\/v2\/categories?post=81920"},{"taxonomy":"post_tag","embeddable":true,"href":"https:\/\/plazajuarez.mx\/historico\/wp-json\/wp\/v2\/tags?post=81920"}],"curies":[{"name":"wp","href":"https:\/\/api.w.org\/{rel}","templated":true}]}}