{"id":81918,"date":"2019-04-15T04:12:10","date_gmt":"2019-04-15T04:12:10","guid":{"rendered":"http:\/\/plazajuarez.mx\/index\/index.php\/2019\/04\/15\/cruz-roja-anuncia-la-reanudacion-de-operaciones-en-salamanca\/"},"modified":"2019-04-15T04:12:10","modified_gmt":"2019-04-15T04:12:10","slug":"cruz-roja-anuncia-la-reanudacion-de-operaciones-en-salamanca","status":"publish","type":"post","link":"https:\/\/plazajuarez.mx\/historico\/cruz-roja-anuncia-la-reanudacion-de-operaciones-en-salamanca\/","title":{"rendered":"Cruz Roja anuncia la reanudaci\u00f3n de operaciones en Salamanca"},"content":{"rendered":"<p>TRAS CRISIS DE SEGURIDAD<br \/>\u00a0\u00a0 \u00a0\u2022\u00a0\u00a0 \u00a0La alcaldesa inform\u00f3 que se acord\u00f3 que las fuerzas de seguridad estatales resguarden a la instituci\u00f3n\u2028<\/p>\n<p>  <!--more-->  <\/p>\n<p>La Cruz Roja reanud\u00f3 este domingo las operaciones en la ciudad de Salamanca, en el estado de Guanajuato, despu\u00e9s de que el s\u00e1bado por la noche suspendiera sus actividades luego de que un grupo armado atacara a una ambulancia. <\/p>\n<p>Durante una reuni\u00f3n con autoridades municipales, estatales y federales, se acord\u00f3 que las fuerzas de seguridad de la entidad resguarden las ambulancias de la instituci\u00f3n, de modo que la Cruz Roja acept\u00f3 reactivar su servicio.<\/p>\n<p>La alcaldesa de Salamanca, Beatriz Hern\u00e1ndez Cruz, inform\u00f3 a la prensa que las fuerzas de seguridad aceptaron apoyar a los param\u00e9dicos &#8220;en aquellos casos en que por la zona o por ciertas caracter\u00edsticas del reporte, se considere que pudiera existir alg\u00fan riesgo&#8221;.<\/p>\n<p>La alcaldesa se comprometi\u00f3 adem\u00e1s a destinar los recursos que sean necesarios para reforzar la operatividad de Cruz Roja en la ciudad y que la atenci\u00f3n sanitaria mejore.<\/p>\n<p>El s\u00e1bado por la noche, una ambulancia de la instituci\u00f3n fue interceptada por un grupo armado a fin de llevarse a un herido por arma de fuego que estaba siendo trasladado en el veh\u00edculo.<\/p>\n<p>Seg\u00fan las autoridades, el herido baj\u00f3 por su propio pie de la ambulancia y subi\u00f3 al veh\u00edculo del grupo armado. <\/p>\n<p>&#8220;Pedimos a toda la ciudadan\u00eda comprensi\u00f3n, todos los que somos voluntarios en esta noble instituci\u00f3n creemos en su misi\u00f3n llena de un esp\u00edritu humanitario que nos gu\u00eda, pero en este momento debemos cuidar nuestra integridad&#8221;, se\u00f1al\u00f3 la instituci\u00f3n.<\/p>\n<p>Salamanca es un municipio estrat\u00e9gico ya que aqu\u00ed se encuentra la principal refiner\u00eda del centro de M\u00e9xico, donde el robo de combustibles ha generado violentas disputas entre el C\u00e1rtel Jalisco Nueva Generaci\u00f3n y el C\u00e1rtel Santa Rosa de Lima.<\/p>\n<p>En varias ocasiones, el presidente Andr\u00e9s Manuel L\u00f3pez Obrador ha refrendado su decisi\u00f3n de combatir el robo de combustible, que ha provocado a Pemex p\u00e9rdidas anuales de 65 mil millones de pesos.<\/p>\n","protected":false},"excerpt":{"rendered":"<p>TRAS CRISIS DE SEGURIDAD\u00a0\u00a0 \u00a0\u2022\u00a0\u00a0 \u00a0La alcaldesa inform\u00f3 que se acord\u00f3 que las fuerzas de seguridad estatales resguarden a la instituci\u00f3n\u2028<\/p>\n","protected":false},"author":93,"featured_media":0,"comment_status":"open","ping_status":"open","sticky":false,"template":"","format":"standard","meta":{"footnotes":""},"categories":[36],"tags":[],"class_list":["post-81918","post","type-post","status-publish","format-standard","hentry","category-nacion"],"_links":{"self":[{"href":"https:\/\/plazajuarez.mx\/historico\/wp-json\/wp\/v2\/posts\/81918","targetHints":{"allow":["GET"]}}],"collection":[{"href":"https:\/\/plazajuarez.mx\/historico\/wp-json\/wp\/v2\/posts"}],"about":[{"href":"https:\/\/plazajuarez.mx\/historico\/wp-json\/wp\/v2\/types\/post"}],"author":[{"embeddable":true,"href":"https:\/\/plazajuarez.mx\/historico\/wp-json\/wp\/v2\/users\/93"}],"replies":[{"embeddable":true,"href":"https:\/\/plazajuarez.mx\/historico\/wp-json\/wp\/v2\/comments?post=81918"}],"version-history":[{"count":0,"href":"https:\/\/plazajuarez.mx\/historico\/wp-json\/wp\/v2\/posts\/81918\/revisions"}],"wp:attachment":[{"href":"https:\/\/plazajuarez.mx\/historico\/wp-json\/wp\/v2\/media?parent=81918"}],"wp:term":[{"taxonomy":"category","embeddable":true,"href":"https:\/\/plazajuarez.mx\/historico\/wp-json\/wp\/v2\/categories?post=81918"},{"taxonomy":"post_tag","embeddable":true,"href":"https:\/\/plazajuarez.mx\/historico\/wp-json\/wp\/v2\/tags?post=81918"}],"curies":[{"name":"wp","href":"https:\/\/api.w.org\/{rel}","templated":true}]}}