{"id":81915,"date":"2019-04-15T04:10:43","date_gmt":"2019-04-15T04:10:43","guid":{"rendered":"http:\/\/plazajuarez.mx\/index\/index.php\/2019\/04\/15\/huelga-en-la-uam-sin-senas-de-resolverse-a-corto-plazo\/"},"modified":"2019-04-15T04:10:43","modified_gmt":"2019-04-15T04:10:43","slug":"huelga-en-la-uam-sin-senas-de-resolverse-a-corto-plazo","status":"publish","type":"post","link":"https:\/\/plazajuarez.mx\/historico\/huelga-en-la-uam-sin-senas-de-resolverse-a-corto-plazo\/","title":{"rendered":"Huelga en la UAM sin se\u00f1as de resolverse a corto plazo"},"content":{"rendered":"<p>CDMX <br \/>\u00a0\u00a0 \u00a0\u2022\u00a0\u00a0 \u00a0En t\u00e9rminos de los proyectos de investigaci\u00f3n, muchos ten\u00edan compromisos calendarizados\u2028<br \/>LOS MILLONES DE PESOS QUE LA HUELGA HA DEJADO COMO P\u00c9RDIDAS PARA LA UAM<\/p>\n<p>  <!--more-->  <\/p>\n<p>El conflicto laboral que mantiene cerrada la Universidad Aut\u00f3noma Metropolitana (UAM) no tiene visos de resolverse en el corto plazo luego de que la universidad rechaz\u00f3 nuevamente incrementar su propuesta salarial para acercarse a la demanda del Sindicato Independiente de Trabajadores de la UAM (SITUAM). La organizaci\u00f3n laboral ya hab\u00eda reducido su expectativa de obtener un incremento salarial de 20 a 10 por ciento.<\/p>\n<p>Una veintena de trabajadores sindicalizados irrumpi\u00f3 en una conferencia de prensa presidida por el secretario general de la universidad, Jos\u00e9 Antonio de los Reyes Heredia, en un hotel del centro de la CDMX. <\/p>\n<p>Los trabajadores no lograron ingresar en el sal\u00f3n donde se llevaba a cabo el evento; sin embargo, s\u00ed obligaron a la rector\u00eda a terminar antes y a sacar a de los Reyes Heredia por la cocina para evitar una confrontaci\u00f3n. <\/p>\n<p>&#8220;Hacemos responsable de que este conflicto siga, a la universidad: no es que el sindicato no haya sido flexible. Est\u00e1 en las manos de la universidad la posibilidad de resolver este conflicto&#8221;, dijo Abigail Pamela G\u00f3mez Su\u00e1rez, trabajadora de la Rector\u00eda General.<\/p>\n<p>El domingo en conferencia de prensa, el secretario general, Jos\u00e9 Antonio de los Reyes Heredia, dijo que la huelga ha tenido un costo de 30 millones de pesos en p\u00e9rdidas para la instituci\u00f3n; en t\u00e9rminos de los proyectos de investigaci\u00f3n, muchos ten\u00edan compromisos calendarizados, con fondos externos que han visto interrumpidos sus protocolos de investigaci\u00f3n.<\/p>\n","protected":false},"excerpt":{"rendered":"<p>CDMX \u00a0\u00a0 \u00a0\u2022\u00a0\u00a0 \u00a0En t\u00e9rminos de los proyectos de investigaci\u00f3n, muchos ten\u00edan compromisos calendarizados\u2028LOS MILLONES DE PESOS QUE LA HUELGA HA DEJADO COMO P\u00c9RDIDAS PARA LA UAM<\/p>\n","protected":false},"author":93,"featured_media":0,"comment_status":"open","ping_status":"open","sticky":false,"template":"","format":"standard","meta":{"footnotes":""},"categories":[36],"tags":[],"class_list":["post-81915","post","type-post","status-publish","format-standard","hentry","category-nacion"],"_links":{"self":[{"href":"https:\/\/plazajuarez.mx\/historico\/wp-json\/wp\/v2\/posts\/81915","targetHints":{"allow":["GET"]}}],"collection":[{"href":"https:\/\/plazajuarez.mx\/historico\/wp-json\/wp\/v2\/posts"}],"about":[{"href":"https:\/\/plazajuarez.mx\/historico\/wp-json\/wp\/v2\/types\/post"}],"author":[{"embeddable":true,"href":"https:\/\/plazajuarez.mx\/historico\/wp-json\/wp\/v2\/users\/93"}],"replies":[{"embeddable":true,"href":"https:\/\/plazajuarez.mx\/historico\/wp-json\/wp\/v2\/comments?post=81915"}],"version-history":[{"count":0,"href":"https:\/\/plazajuarez.mx\/historico\/wp-json\/wp\/v2\/posts\/81915\/revisions"}],"wp:attachment":[{"href":"https:\/\/plazajuarez.mx\/historico\/wp-json\/wp\/v2\/media?parent=81915"}],"wp:term":[{"taxonomy":"category","embeddable":true,"href":"https:\/\/plazajuarez.mx\/historico\/wp-json\/wp\/v2\/categories?post=81915"},{"taxonomy":"post_tag","embeddable":true,"href":"https:\/\/plazajuarez.mx\/historico\/wp-json\/wp\/v2\/tags?post=81915"}],"curies":[{"name":"wp","href":"https:\/\/api.w.org\/{rel}","templated":true}]}}