{"id":8114,"date":"2015-07-16T05:00:00","date_gmt":"2015-07-16T05:00:00","guid":{"rendered":"http:\/\/plazajuarez.mx\/index\/index.php\/2015\/07\/16\/cuatro-anos-de-carcel-para-el-contable-de-auschwitz-complice-de-mas-de-300-mil-asesinatos\/"},"modified":"2015-07-16T05:00:00","modified_gmt":"2015-07-16T05:00:00","slug":"cuatro-anos-de-carcel-para-el-contable-de-auschwitz-complice-de-mas-de-300-mil-asesinatos","status":"publish","type":"post","link":"https:\/\/plazajuarez.mx\/historico\/cuatro-anos-de-carcel-para-el-contable-de-auschwitz-complice-de-mas-de-300-mil-asesinatos\/","title":{"rendered":"Cuatro a\u00f1os de c\u00e1rcel para el \u00abcontable de Auschwitz\u00bb; c\u00f3mplice de m\u00e1s de 300 mil asesinatos"},"content":{"rendered":"<ul>\n<li><strong><strong>El tribunal germano de Lueneburg ha declarado culpable a Oskar Groening, de 94 a\u00f1os de edad, por colaborar en el exterminio masivo de jud\u00edos<\/strong><\/strong> <!--more--> <\/li>\n<\/ul>\n<p>Despu\u00e9s de tres meses, el juicio contra Oskar Groening -m\u00e1s conocido como el \u00abcontable de Auschwitz\u00bb por su labor en ese campo de concentraci\u00f3n- ha llegado a su fin. Ayer, el tribunal de Lueneburg dict\u00f3 sentencia y determin\u00f3 que este alem\u00e1n de 94 a\u00f1os es culpable de haber colaborado en el asesinato indiscriminado de los m\u00e1s de 300.000 jud\u00edos que fallecieron en este centro de exterminio entre el 16 de mayo de 1944 y el 11 de julio de ese mismo a\u00f1o. Su castigo ser\u00e1n cuatro a\u00f1os de prisi\u00f3n.<\/p>\n<p>De esta forma tan tajante se ha puesto fin a un proceso que comenz\u00f3 a finales de abril y que estuvo basado en la acusaci\u00f3n de 55 supervivientes de este campo de concentraci\u00f3n -ubicado en territorio polaco- y en otros tantos parientes de las v\u00edctimas. A su vez, de esta forma se castiga a uno de los pocos oficiales de las temibles SS (las tropas m\u00e1s ideologizadas de Adolf Hitler) que participaron de alguna forma en la \u00abSoluci\u00f3n final\u00bb, el plan del \u00abF\u00fchrer\u00bb para acabar de forma masiva con los jud\u00edos europeos y aquellas personas con cualquier deficiencia mental o f\u00edsica.<\/p>\n<p>Durante el juicio, Groening confirm\u00f3 su culpabilidad moral en los asesinatos, aunque hizo hincapi\u00e9 en que, como atestigua a su trabajo como contable, nunca acab\u00f3 con la vida de ning\u00fan preso. \u00abPara m\u00ed est\u00e1 fuera de toda duda que soy moralmente c\u00f3mplice\u00bb, explic\u00f3 durante el proceso. A pesar de ello, en una de las primeras sesiones pidi\u00f3 perd\u00f3n a las v\u00edctimas del Holocausto por el horror nazi e, incluso, se levant\u00f3 de su silla de ruedas para abrazar a una superviviente que hab\u00eda acudido a la sala. A su vez, ha sido uno de los pocos supervivientes que ha admitido el horror perpetrado por los germanos: \u00abYo vi las c\u00e1maras de gas y los crematorios\u00bb, se\u00f1al\u00f3 en 2005.<\/p>\n<p>Este miembro de las SS podr\u00eda ser uno de los \u00faltimos en ser enjuiciados pues, debido a su avanzada edad, muchos oficiales germanos dejan este mundo sin ser juzgados. As\u00ed sucedi\u00f3, por ejemplo, con Vladimir Katriuk, apicultor de 93 a\u00f1os que -a finales de mayo- dej\u00f3 este mundo tras haber participado presuntamente en la masacre de Khatyn. En la misma, una unidad alemana acab\u00f3 con la vida de 149 hombres, mujeres y ni\u00f1os, quem\u00e1ndoles vivos en un cobertizo de la zona.<\/p>\n<p><strong>Un contable en Auschwitz<\/strong><\/p>\n<p>Groening, naci\u00f3 en 1921 en la Baja Sajonia (norte de Alemania). Con apenas 12 a\u00f1os se uni\u00f3 a las juventudes hitlerianas en el mismo a\u00f1o en que Hitler ascendi\u00f3 al poder en Alemania. Posteriormente, este germano se alist\u00f3 en las SS. Cuando sumaba 21 veranos a sus espaldas, fue trasladado a Auschwitz como contable. All\u00ed sirvi\u00f3, precisamente, durante la denominada \u00abOperaci\u00f3n Hungr\u00eda\u00bb, el exilio masivo de 440.000 jud\u00edos hasta el campo de concentraci\u00f3n con un \u00fanico objetivo: su masacre.<\/p>\n<p>Con todo, este alem\u00e1n siempre se ha defendido afirmando que, aunque sab\u00eda de la existencia de las c\u00e1maras de gas y asesinatos en masa que se realizaban (durante la \u00abOperaci\u00f3n Hungr\u00eda\u00bb fallecieron 320.000 de ellos y el resto tuvieron que realizar trabajos forzados), \u00e9l \u00fanicamente se dedic\u00f3 a cuantificar las pertenencias (desde maletas hasta cheques pasando por muelas de oro) que les robaban a los reos. Sin embargo, ha sido precisamente eso por lo que ha sido condenado, pues colabor\u00f3 activamente enviando dinero a Hitler y sufragando al Tercer Reich.<\/p>\n<p>El \u00abcontable de Auschwitz\u00bb sobrevivi\u00f3 a la Segunda Guerra Mundial. Tras la contienda, y despu\u00e9s de los juicios de Nuremberg, fue acusado oficialmente por un tribunal. Sin embargo, el caso se cerr\u00f3 en 1985 (como el de tantos otros oficiales germanos de esa \u00e9poca). Hubo que esperar hasta hace unos meses para que una acusaci\u00f3n particular interpusiera una denuncia contra \u00e9l y comenzase, de nuevo, el juicio. (Agencias)<\/p>\n","protected":false},"excerpt":{"rendered":"<p>El tribunal germano de Lueneburg ha declarado culpable a Oskar Groening, de 94 a\u00f1os de edad, por colaborar en el exterminio masivo de jud\u00edos<\/p>\n","protected":false},"author":93,"featured_media":0,"comment_status":"open","ping_status":"open","sticky":false,"template":"","format":"standard","meta":{"footnotes":""},"categories":[31],"tags":[],"class_list":["post-8114","post","type-post","status-publish","format-standard","hentry","category-orbe"],"_links":{"self":[{"href":"https:\/\/plazajuarez.mx\/historico\/wp-json\/wp\/v2\/posts\/8114","targetHints":{"allow":["GET"]}}],"collection":[{"href":"https:\/\/plazajuarez.mx\/historico\/wp-json\/wp\/v2\/posts"}],"about":[{"href":"https:\/\/plazajuarez.mx\/historico\/wp-json\/wp\/v2\/types\/post"}],"author":[{"embeddable":true,"href":"https:\/\/plazajuarez.mx\/historico\/wp-json\/wp\/v2\/users\/93"}],"replies":[{"embeddable":true,"href":"https:\/\/plazajuarez.mx\/historico\/wp-json\/wp\/v2\/comments?post=8114"}],"version-history":[{"count":0,"href":"https:\/\/plazajuarez.mx\/historico\/wp-json\/wp\/v2\/posts\/8114\/revisions"}],"wp:attachment":[{"href":"https:\/\/plazajuarez.mx\/historico\/wp-json\/wp\/v2\/media?parent=8114"}],"wp:term":[{"taxonomy":"category","embeddable":true,"href":"https:\/\/plazajuarez.mx\/historico\/wp-json\/wp\/v2\/categories?post=8114"},{"taxonomy":"post_tag","embeddable":true,"href":"https:\/\/plazajuarez.mx\/historico\/wp-json\/wp\/v2\/tags?post=8114"}],"curies":[{"name":"wp","href":"https:\/\/api.w.org\/{rel}","templated":true}]}}