{"id":8113,"date":"2015-07-16T05:00:00","date_gmt":"2015-07-16T05:00:00","guid":{"rendered":"http:\/\/plazajuarez.mx\/index\/index.php\/2015\/07\/16\/mexico-aliado-de-francia-en-lucha-por-el-medio-ambiente-pena\/"},"modified":"2015-07-16T05:00:00","modified_gmt":"2015-07-16T05:00:00","slug":"mexico-aliado-de-francia-en-lucha-por-el-medio-ambiente-pena","status":"publish","type":"post","link":"https:\/\/plazajuarez.mx\/historico\/mexico-aliado-de-francia-en-lucha-por-el-medio-ambiente-pena\/","title":{"rendered":"M\u00e9xico, aliado de Francia en lucha  por el medio ambiente: Pe\u00f1a"},"content":{"rendered":"<p>Marsella, Francia.- En el tercer d\u00eda de su visita de Estado a Francia y al viajar ayer a este puerto del sur del pa\u00eds, el presidente Enrique Pe\u00f1a Nieto reiter\u00f3 su respaldo a las acciones de Francia en favor del medio ambiente porque ambos pa\u00edses \u201ctenemos un compromiso irrenunciable\u201d para preservar la \u201ccasa de todos\u201d para \u00e9sta y las generaciones del futuro.<\/p>\n<p>  <!--more-->  <\/p>\n<p>\u00a0<\/p>\n<p>Pe\u00f1a Nieto vol\u00f3 desde Par\u00eds para, adem\u00e1s de encontrarse con las autoridades del lugar, tambi\u00e9n develar la placa de la Plaza Gilberto Bosques, el llamado Schindler mexicano quien como c\u00f3nsul en este puerto ayud\u00f3 a antifascistas perseguidos concedi\u00e9ndoles visas del pa\u00eds durante la Segunda Guerra Mundial. Adem\u00e1s, visitar\u00e1 la sede de la compa\u00f1\u00eda Airbus Helicopters Mariagne y realizar\u00e1 un recorrido a bordo de un Super Puma por el parque nacional de las Calanques.<\/p>\n<p>El presidente Pe\u00f1a se encontrar\u00e1 adem\u00e1s con su anfitri\u00f3n Fran\u00e7ois Hollande y juntos visitar\u00e1n el buque escuela mexicano Cuauht\u00e9moc atracado en este puerto como parte de su misi\u00f3n anual por diversos mares. En la recepci\u00f3n oficial en el museo de la Villa Mediterran\u00e9e, el mandatario resalt\u00f3: \u201cM\u00e9xico es un decidido aliado de Francia en la lucha por mitigar los efectos del calentamiento global. Apoyaremos al presidente Fran\u00e7ois Hollande para el \u00e9xito de la 21o Conferencia de las Partes sobre el cambio clim\u00e1tico\u201d, a realizarse a fines de este a\u00f1o en Par\u00eds.<\/p>\n<p>Se trata, a\u00f1adi\u00f3, de la primera vez en 20 a\u00f1os que esta conferencia se plantea alcanzar acuerdos vinculantes para todas las naciones desarrolladas y en desarrollo en materia de reducci\u00f3n de emisiones para cuidar y preservar nuestro medio ambiente.<\/p>\n<p>Para Pe\u00f1a Nieto, \u201cesta casa que es la de todos \u2013el mundo\u2013 merece el respeto y el cuidado de nuestro entorno, del medio ambiente. Es un asunto de la mayor relevancia porque hasta el momento los acuerdos que se han alcanzado son voluntarios y se trata de que ahora sean obligatorios y verificables por todas las partes\u201d.<\/p>\n<p>Francia y M\u00e9xico \u2013indic\u00f3\u2013 tenemos un compromiso irrenunciable con el medio ambiente. Lo asumimos plenamente porque es a final de cuentas, parte esencial de nuestra responsabilidad global con las generaciones de hoy y el futuro.<\/p>\n<p>Asimismo se refiri\u00f3 al tema del desarrollo la industria aeroespacial en M\u00e9xico donde se han establecido empresas francesas de vanguardia. \u201cSe trata de una alianza estrat\u00e9gica, de visi\u00f3n de futuro. En M\u00e9xico el sector aeroespacial se ha convertido de los m\u00e1s din\u00e1micos de la econom\u00eda, existen m\u00e1s de 300 empresas aeron\u00e1uticas, casi cinco veces m\u00e1s de las que hab\u00eda hace apenas 10 a\u00f1os\u201d y es el cuarto destino mundial para las inversiones en ese sector.<\/p>\n<p>En 2014 \u2013a\u00f1adi\u00f3\u2013 esta industria export\u00f3 m\u00e1s de 6 mil 300 millones de d\u00f3lares, lo que equivale a un crecimiento del 26 por ciento respecto al 2012.<\/p>\n<p>\u201cAhora, queremos que otras empresas de esta innovadora regi\u00f3n sigan invirtiendo en M\u00e9xico, que aprovechen el talento y creatividad de nuestra gente\u201d. A su vez, Michel Vauzelle, presidente de la regi\u00f3n Provence-Alpes-Cote d&#8217;Azur, resalt\u00f3 la importancia de los v\u00ednculos franco-mexicanos porque, frente al dinero globalizado y frente a los totalitarismos y terrorismos, \u201cpueden inventar un nuevo modelo\u201d. (Agencias)<\/p>\n","protected":false},"excerpt":{"rendered":"<p>Marsella, Francia.- En el tercer d\u00eda de su visita de Estado a Francia y al viajar ayer a este puerto del sur del pa\u00eds, el presidente Enrique Pe\u00f1a Nieto reiter\u00f3 su respaldo a las acciones de Francia en favor del medio ambiente porque ambos pa\u00edses \u201ctenemos un compromiso irrenunciable\u201d para preservar la \u201ccasa de todos\u201d [&hellip;]<\/p>\n","protected":false},"author":93,"featured_media":0,"comment_status":"open","ping_status":"open","sticky":false,"template":"","format":"standard","meta":{"footnotes":""},"categories":[36],"tags":[],"class_list":["post-8113","post","type-post","status-publish","format-standard","hentry","category-nacion"],"_links":{"self":[{"href":"https:\/\/plazajuarez.mx\/historico\/wp-json\/wp\/v2\/posts\/8113","targetHints":{"allow":["GET"]}}],"collection":[{"href":"https:\/\/plazajuarez.mx\/historico\/wp-json\/wp\/v2\/posts"}],"about":[{"href":"https:\/\/plazajuarez.mx\/historico\/wp-json\/wp\/v2\/types\/post"}],"author":[{"embeddable":true,"href":"https:\/\/plazajuarez.mx\/historico\/wp-json\/wp\/v2\/users\/93"}],"replies":[{"embeddable":true,"href":"https:\/\/plazajuarez.mx\/historico\/wp-json\/wp\/v2\/comments?post=8113"}],"version-history":[{"count":0,"href":"https:\/\/plazajuarez.mx\/historico\/wp-json\/wp\/v2\/posts\/8113\/revisions"}],"wp:attachment":[{"href":"https:\/\/plazajuarez.mx\/historico\/wp-json\/wp\/v2\/media?parent=8113"}],"wp:term":[{"taxonomy":"category","embeddable":true,"href":"https:\/\/plazajuarez.mx\/historico\/wp-json\/wp\/v2\/categories?post=8113"},{"taxonomy":"post_tag","embeddable":true,"href":"https:\/\/plazajuarez.mx\/historico\/wp-json\/wp\/v2\/tags?post=8113"}],"curies":[{"name":"wp","href":"https:\/\/api.w.org\/{rel}","templated":true}]}}