{"id":8112,"date":"2015-07-16T05:00:00","date_gmt":"2015-07-16T05:00:00","guid":{"rendered":"http:\/\/plazajuarez.mx\/index\/index.php\/2015\/07\/16\/presentan-iniciativa-para-que-pena-y-chong-no-viajen-juntos\/"},"modified":"2015-07-16T05:00:00","modified_gmt":"2015-07-16T05:00:00","slug":"presentan-iniciativa-para-que-pena-y-chong-no-viajen-juntos","status":"publish","type":"post","link":"https:\/\/plazajuarez.mx\/historico\/presentan-iniciativa-para-que-pena-y-chong-no-viajen-juntos\/","title":{"rendered":"Presentan iniciativa para que  Pe\u00f1a y Chong no viajen juntos"},"content":{"rendered":"<p>M\u00e9xico, D.F.- El coordinador del PAN en San L\u00e1zaro, Marcelo Torres Cofi\u00f1o, present\u00f3 ante la Comisi\u00f3n Permanente una reforma constitucional para que en ning\u00fan caso el Presidente de la Rep\u00fablica pueda ausentarse del territorio nacional acompa\u00f1ado por el Secretario de Gobernaci\u00f3n.<\/p>\n<p>  <!--more-->  <\/p>\n<p>\u00a0<\/p>\n<p>La iniciativa se present\u00f3 en el contexto del viaje del presidente Pe\u00f1a Nieto a Francia, acompa\u00f1ado por una comitiva de m\u00e1s de 130 funcionarios, entre ellos el secretario de Gobernaci\u00f3n, Miguel \u00c1ngel Osorio Chong, quien tuvo que regresar al pa\u00eds al conocerse la fuga del narcotraficante Joaqu\u00edn &#8220;El Chapo&#8221; Guzm\u00e1n. La propuesta se\u00f1ala que adem\u00e1s \u201cen ning\u00fan caso el Secretario del ramo en materia de pol\u00edtica interior podr\u00e1 trasladarse de manera simult\u00e1nea, ni en el mismo medio en que lo haga el Presidente\u201d.<\/p>\n<p>El texto se\u00f1ala que el Presidente podr\u00e1 ausentarse del territorio nacional hasta por siete d\u00edas, informando previamente de los motivos de la ausencia y la comitiva que lo acompa\u00f1ar\u00e1 a la C\u00e1mara de Senadores o a la Comisi\u00f3n Permanente.<\/p>\n<p>En el caso de que su ausencia fuera mayor a siete d\u00edas, el Ejecutivo requerir\u00e1 de \u201cpermiso\u201d de la C\u00e1mara de Senadores o de la Comisi\u00f3n Permanente.<\/p>\n<p>Al explicar la iniciativa en tribuna, el diputado Juan Bueno Torio dijo que adem\u00e1s se propone que en las visitas de Estado s\u00f3lo podr\u00e1n destinarse recursos p\u00fablicos en car\u00e1cter de apoyos y gastos sujetos a comprobaci\u00f3n que sean propios del desarrollo de las mismas y gastos de viaje relativos.<\/p>\n<p>Estos recursos s\u00f3lo estar\u00e1n destinados al Presidente, al Secretario de Relaciones Exteriores y al n\u00famero m\u00e1ximo de integrantes de la comitiva que re\u00fanan los requisitos que se determinen, en ambos casos, en el Presupuesto de Egresos del ejercicio fiscal correspondiente. (Agencias)<\/p>\n","protected":false},"excerpt":{"rendered":"<p>M\u00e9xico, D.F.- El coordinador del PAN en San L\u00e1zaro, Marcelo Torres Cofi\u00f1o, present\u00f3 ante la Comisi\u00f3n Permanente una reforma constitucional para que en ning\u00fan caso el Presidente de la Rep\u00fablica pueda ausentarse del territorio nacional acompa\u00f1ado por el Secretario de Gobernaci\u00f3n.<\/p>\n","protected":false},"author":93,"featured_media":0,"comment_status":"open","ping_status":"open","sticky":false,"template":"","format":"standard","meta":{"footnotes":""},"categories":[36],"tags":[],"class_list":["post-8112","post","type-post","status-publish","format-standard","hentry","category-nacion"],"_links":{"self":[{"href":"https:\/\/plazajuarez.mx\/historico\/wp-json\/wp\/v2\/posts\/8112","targetHints":{"allow":["GET"]}}],"collection":[{"href":"https:\/\/plazajuarez.mx\/historico\/wp-json\/wp\/v2\/posts"}],"about":[{"href":"https:\/\/plazajuarez.mx\/historico\/wp-json\/wp\/v2\/types\/post"}],"author":[{"embeddable":true,"href":"https:\/\/plazajuarez.mx\/historico\/wp-json\/wp\/v2\/users\/93"}],"replies":[{"embeddable":true,"href":"https:\/\/plazajuarez.mx\/historico\/wp-json\/wp\/v2\/comments?post=8112"}],"version-history":[{"count":0,"href":"https:\/\/plazajuarez.mx\/historico\/wp-json\/wp\/v2\/posts\/8112\/revisions"}],"wp:attachment":[{"href":"https:\/\/plazajuarez.mx\/historico\/wp-json\/wp\/v2\/media?parent=8112"}],"wp:term":[{"taxonomy":"category","embeddable":true,"href":"https:\/\/plazajuarez.mx\/historico\/wp-json\/wp\/v2\/categories?post=8112"},{"taxonomy":"post_tag","embeddable":true,"href":"https:\/\/plazajuarez.mx\/historico\/wp-json\/wp\/v2\/tags?post=8112"}],"curies":[{"name":"wp","href":"https:\/\/api.w.org\/{rel}","templated":true}]}}