{"id":8111,"date":"2015-07-16T05:00:00","date_gmt":"2015-07-16T05:00:00","guid":{"rendered":"http:\/\/plazajuarez.mx\/index\/index.php\/2015\/07\/16\/pan-y-prd-piden-renuncia-de-osorio-y-gabinete-de-seguridad\/"},"modified":"2015-07-16T05:00:00","modified_gmt":"2015-07-16T05:00:00","slug":"pan-y-prd-piden-renuncia-de-osorio-y-gabinete-de-seguridad","status":"publish","type":"post","link":"https:\/\/plazajuarez.mx\/historico\/pan-y-prd-piden-renuncia-de-osorio-y-gabinete-de-seguridad\/","title":{"rendered":"PAN y PRD Piden renuncia de  Osorio y gabinete de seguridad"},"content":{"rendered":"<p>M\u00e9xico, DF. &#8211; Las bancadas del PAN y PRD la C\u00e1mara de Diputados y en el Senado de la Rep\u00fablica exigieron al presidente, Enrique Pe\u00f1a Nieto, destituya al secretario de Gobernaci\u00f3n, Miguel \u00c1ngel Osorio Chong, y al gabinete de seguridad por la fuga del narcotraficante Joaqu\u00edn &#8220;El Chapo&#8221; Guzm\u00e1n y la falta de resultados al frente de la dependencia.<\/p>\n<p>  <!--more-->  <\/p>\n<p>\u00a0<\/p>\n<p>En conferencia de prensa, el coordinador del PAN en la C\u00e1mara Alta, Fernando Herrera, dijo es necesaria la destituci\u00f3n del titular de Gobernaci\u00f3n, del CISEN y de la Comisi\u00f3n Nacional de Seguridad, quienes est\u00e1n m\u00e1s preocupados por el espionaje pol\u00edtico que en prevenir estos hechos lamentables.<\/p>\n<p>&#8220;Acci\u00f3n Nacional dar\u00e1 seguimiento a las acciones del gobierno federal y los gobiernos estatales para la urgente recaptura de Joaqu\u00edn Guzm\u00e1n y la destituci\u00f3n de los responsables, adem\u00e1s propondremos que exista s\u00f3lo una secretar\u00eda encargada de la seguridad de los mexicanos\u201d.<\/p>\n<p>Marcelo Torres, coordinador del PAN en San L\u00e1zaro, dijo que la fuga del capo es un hecho grave. Record\u00f3 que el Presidente hace a\u00f1o dijo que ser\u00eda \u201cimperdonable\u201d la fuga del Chapo, por eso nadie le puede perdonar al secretario de Gobernaci\u00f3n y a todo el equipo de seguridad esta fuga.<\/p>\n<p>La vicecoordinadora del PRD en el Senado, Dolores Padierna, dijo que el secretario de Gobernaci\u00f3n y el gabinete de seguridad le han fallado a la ciudadan\u00eda, por lo tanto solicitan la destituci\u00f3n inmediata de todo el gabinete de seguridad, en particular Osorio Chong. Asimismo, critic\u00f3 que el gobierno ha optado por la espectacularidad en lugar de la eficacia.<\/p>\n<p>Por su parte, el diputado perredista, Fernando Belaunzar\u00e1n, hizo un llamado al presidente Pe\u00f1a Nieto para que cuide al estado mexicano, no a los candidatos a sucederlo en 2018. &#8220;Ahorita tiene que cuidar al estado mexicano, no debe estar cuidado a uno de sus cachorros, sino la prioridad es el Estado mexicano\u201d, dijo. (Agencias)<\/p>\n","protected":false},"excerpt":{"rendered":"<p>M\u00e9xico, DF. &#8211; Las bancadas del PAN y PRD la C\u00e1mara de Diputados y en el Senado de la Rep\u00fablica exigieron al presidente, Enrique Pe\u00f1a Nieto, destituya al secretario de Gobernaci\u00f3n, Miguel \u00c1ngel Osorio Chong, y al gabinete de seguridad por la fuga del narcotraficante Joaqu\u00edn &#8220;El Chapo&#8221; Guzm\u00e1n y la falta de resultados al [&hellip;]<\/p>\n","protected":false},"author":93,"featured_media":0,"comment_status":"open","ping_status":"open","sticky":false,"template":"","format":"standard","meta":{"footnotes":""},"categories":[36],"tags":[],"class_list":["post-8111","post","type-post","status-publish","format-standard","hentry","category-nacion"],"_links":{"self":[{"href":"https:\/\/plazajuarez.mx\/historico\/wp-json\/wp\/v2\/posts\/8111","targetHints":{"allow":["GET"]}}],"collection":[{"href":"https:\/\/plazajuarez.mx\/historico\/wp-json\/wp\/v2\/posts"}],"about":[{"href":"https:\/\/plazajuarez.mx\/historico\/wp-json\/wp\/v2\/types\/post"}],"author":[{"embeddable":true,"href":"https:\/\/plazajuarez.mx\/historico\/wp-json\/wp\/v2\/users\/93"}],"replies":[{"embeddable":true,"href":"https:\/\/plazajuarez.mx\/historico\/wp-json\/wp\/v2\/comments?post=8111"}],"version-history":[{"count":0,"href":"https:\/\/plazajuarez.mx\/historico\/wp-json\/wp\/v2\/posts\/8111\/revisions"}],"wp:attachment":[{"href":"https:\/\/plazajuarez.mx\/historico\/wp-json\/wp\/v2\/media?parent=8111"}],"wp:term":[{"taxonomy":"category","embeddable":true,"href":"https:\/\/plazajuarez.mx\/historico\/wp-json\/wp\/v2\/categories?post=8111"},{"taxonomy":"post_tag","embeddable":true,"href":"https:\/\/plazajuarez.mx\/historico\/wp-json\/wp\/v2\/tags?post=8111"}],"curies":[{"name":"wp","href":"https:\/\/api.w.org\/{rel}","templated":true}]}}